{"id":26390,"date":"2019-03-20T13:09:12","date_gmt":"2019-03-20T16:09:12","guid":{"rendered":"https:\/\/informateesquina.com\/?p=26390"},"modified":"2019-03-20T13:09:12","modified_gmt":"2019-03-20T16:09:12","slug":"un-vehiculo-esquivo-controles-policiales-y-esta-profugo","status":"publish","type":"post","link":"http:\/\/informateesquina.com\/?p=26390","title":{"rendered":"Un veh\u00edculo esquiv\u00f3 controles policiales y est\u00e1 pr\u00f3fugo"},"content":{"rendered":"<p>El Comisario inspector de la Regional de Goya, H\u00e9ctor Montiel, dialog\u00f3 con \u201c3400 Noticias\u201d e inform\u00f3 sobre una persecuci\u00f3n\u00a0 que se produjo en horas de la ma\u00f1ana.<\/p>\n<p><i>\u201cUn autom\u00f3vil circulaba a gran velocidad desde San Isidro hacia Goya. Montamos un operativo en el ingreso a Goya pero el veh\u00edculo no apareci\u00f3 por lo que suponemos que ingresaron a alg\u00fan camino vecinal\u201d, expres\u00f3.<\/i><\/p>\n<p>El apresurado conductor cruz\u00f3 por la localidad de Esquina evadiendo un operativo y tambi\u00e9n por San Isidro<em>. \u201cTodav\u00eda no identificamos qui\u00e9nes son estas personas\u201d.<\/em><\/p>\n<p>Tanto la Polic\u00eda de la Provincia como la Polic\u00eda de Entre R\u00edos est\u00e1n trabajando en el caso.<\/p>\n","protected":false},"excerpt":{"rendered":"<p>El Comisario inspector de la Regional de Goya, H\u00e9ctor Montiel, dialog\u00f3 con \u201c3400 Noticias\u201d e inform\u00f3 sobre una persecuci\u00f3n\u00a0 que se produjo en horas de la ma\u00f1ana. \u201cUn autom\u00f3vil circulaba a gran velocidad desde San Isidro hacia Goya. Montamos un operativo en el ingreso a Goya pero el veh\u00edculo no apareci\u00f3 por lo que suponemos [&hellip;]<\/p>\n","protected":false},"author":1,"featured_media":26391,"comment_status":"closed","ping_status":"closed","sticky":false,"template":"","format":"standard","meta":{"footnotes":""},"categories":[8],"tags":[306],"class_list":["post-26390","post","type-post","status-publish","format-standard","has-post-thumbnail","hentry","category-policiales","tag-persecucion"],"_links":{"self":[{"href":"http:\/\/informateesquina.com\/index.php?rest_route=\/wp\/v2\/posts\/26390","targetHints":{"allow":["GET"]}}],"collection":[{"href":"http:\/\/informateesquina.com\/index.php?rest_route=\/wp\/v2\/posts"}],"about":[{"href":"http:\/\/informateesquina.com\/index.php?rest_route=\/wp\/v2\/types\/post"}],"author":[{"embeddable":true,"href":"http:\/\/informateesquina.com\/index.php?rest_route=\/wp\/v2\/users\/1"}],"replies":[{"embeddable":true,"href":"http:\/\/informateesquina.com\/index.php?rest_route=%2Fwp%2Fv2%2Fcomments&post=26390"}],"version-history":[{"count":0,"href":"http:\/\/informateesquina.com\/index.php?rest_route=\/wp\/v2\/posts\/26390\/revisions"}],"wp:featuredmedia":[{"embeddable":true,"href":"http:\/\/informateesquina.com\/index.php?rest_route=\/wp\/v2\/media\/26391"}],"wp:attachment":[{"href":"http:\/\/informateesquina.com\/index.php?rest_route=%2Fwp%2Fv2%2Fmedia&parent=26390"}],"wp:term":[{"taxonomy":"category","embeddable":true,"href":"http:\/\/informateesquina.com\/index.php?rest_route=%2Fwp%2Fv2%2Fcategories&post=26390"},{"taxonomy":"post_tag","embeddable":true,"href":"http:\/\/informateesquina.com\/index.php?rest_route=%2Fwp%2Fv2%2Ftags&post=26390"}],"curies":[{"name":"wp","href":"https:\/\/api.w.org\/{rel}","templated":true}]}}