{"id":26443,"date":"2019-03-22T21:39:32","date_gmt":"2019-03-23T00:39:32","guid":{"rendered":"https:\/\/informateesquina.com\/?p=26443"},"modified":"2019-03-22T21:39:32","modified_gmt":"2019-03-23T00:39:32","slug":"sergio-denis-sigue-mejorando-ya-abrio-los-ojos","status":"publish","type":"post","link":"http:\/\/informateesquina.com\/?p=26443","title":{"rendered":"Sergio Denis sigue mejorando: ya abri\u00f3 los ojos"},"content":{"rendered":"<p>SAN MIGUEL DE TUCUM\u00c1N.-\u00a0<a href=\"https:\/\/www.lanacion.com.ar\/tema\/sergio-denis-tid47004\" data-event=\"contentLinkClick\">Sergio Denis\u00a0<\/a>&#8220;est\u00e1 evolucionando favorablemente&#8221; y ya se le retir\u00f3 completamente la sedaci\u00f3n. As\u00ed lo confirm\u00f3 este mediod\u00eda la doctora Olga Fern\u00e1ndez, directora del Hospital Padilla de la capital tucumana, donde\u00a0<a class=\"link\" href=\"https:\/\/www.lanacion.com.ar\/espectaculos\/sergio-denis-se-accidento-pleno-recital-su-nid2227697\">el m\u00fasico permanece internado desde el lunes 11 de marzo, cuando sufri\u00f3 una grave ca\u00edda en pleno recital<\/a>.<\/p>\n<div id=\"hybs-mslot-3103d1ce-0\" class=\"hybs-mslot\"><\/div>\n<p>Fern\u00e1ndez brind\u00f3 a la prensa el \u00faltimo parte m\u00e9dico oficial de Denis, quien\u00a0<a class=\"link\" href=\"https:\/\/www.lanacion.com.ar\/espectaculos\/personajes\/en-dia-su-cumpleanos-sergio-denis-consolido-nid2229290\">tiene 70 a\u00f1os reci\u00e9n cumplidos<\/a>. Detall\u00f3 que &#8220;el paciente persiste estable a nivel cardiorrespiratorio&#8221; y que &#8220;contin\u00faa con asistencia respiratoria mec\u00e1nica, sin sedaci\u00f3n&#8221;.<\/p>\n<p>El informe cl\u00ednico se\u00f1ala que el cantante &#8220;persiste en estado cr\u00edtico, con gravedad moderada&#8221;. Adem\u00e1s, aclara que &#8220;desde el punto de vista neurol\u00f3gico se efectu\u00f3 una resonancia magn\u00e9tica de cerebro, donde se confirm\u00f3 la presencia de lesiones contusivas ya identificadas en estudios previos&#8221;.<\/p>\n<p>En declaraciones a la prensa, Fern\u00e1ndez sostuvo que &#8220;hubo una mejor\u00eda&#8221; en el estado cl\u00ednico y que una se\u00f1al de ello es que &#8220;el paciente respondi\u00f3 ante algunos est\u00edmulos, abri\u00f3 los ojos, tiene desde hace varios d\u00edas una buena reacci\u00f3n pupilar y hubo movimientos del cuerpo&#8221;.<\/p>\n<div id=\"hybs-mslot-3103d1ce-3\" class=\"hybs-mslot\"><\/div>\n<p>Adem\u00e1s, indic\u00f3 que el autor de &#8220;Te quiero tanto&#8221;, entre otros \u00e9xitos, &#8220;est\u00e1 respondiendo bien a la alimentaci\u00f3n enteral (por v\u00eda de sondas) con una catarsis diaria&#8221;.<\/p>\n<div id=\"hybs-mslot-3103d1ce-4\" class=\"hybs-mslot\"><\/div>\n<p>La profesional aclar\u00f3 que &#8220;el hecho de que se la haya retirado completamente la sedaci\u00f3n no quiere decir que el paciente est\u00e9 totalmente despierto&#8221;. En este sentido, dijo esperan que eso ocurra en cualquier momento.<\/p>\n","protected":false},"excerpt":{"rendered":"<p>SAN MIGUEL DE TUCUM\u00c1N.-\u00a0Sergio Denis\u00a0&#8220;est\u00e1 evolucionando favorablemente&#8221; y ya se le retir\u00f3 completamente la sedaci\u00f3n. As\u00ed lo confirm\u00f3 este mediod\u00eda la doctora Olga Fern\u00e1ndez, directora del Hospital Padilla de la capital tucumana, donde\u00a0el m\u00fasico permanece internado desde el lunes 11 de marzo, cuando sufri\u00f3 una grave ca\u00edda en pleno recital. Fern\u00e1ndez brind\u00f3 a la prensa [&hellip;]<\/p>\n","protected":false},"author":1,"featured_media":26444,"comment_status":"closed","ping_status":"closed","sticky":false,"template":"","format":"standard","meta":{"footnotes":""},"categories":[4],"tags":[344],"class_list":["post-26443","post","type-post","status-publish","format-standard","has-post-thumbnail","hentry","category-espectaculos","tag-segio-denis"],"_links":{"self":[{"href":"http:\/\/informateesquina.com\/index.php?rest_route=\/wp\/v2\/posts\/26443","targetHints":{"allow":["GET"]}}],"collection":[{"href":"http:\/\/informateesquina.com\/index.php?rest_route=\/wp\/v2\/posts"}],"about":[{"href":"http:\/\/informateesquina.com\/index.php?rest_route=\/wp\/v2\/types\/post"}],"author":[{"embeddable":true,"href":"http:\/\/informateesquina.com\/index.php?rest_route=\/wp\/v2\/users\/1"}],"replies":[{"embeddable":true,"href":"http:\/\/informateesquina.com\/index.php?rest_route=%2Fwp%2Fv2%2Fcomments&post=26443"}],"version-history":[{"count":0,"href":"http:\/\/informateesquina.com\/index.php?rest_route=\/wp\/v2\/posts\/26443\/revisions"}],"wp:featuredmedia":[{"embeddable":true,"href":"http:\/\/informateesquina.com\/index.php?rest_route=\/wp\/v2\/media\/26444"}],"wp:attachment":[{"href":"http:\/\/informateesquina.com\/index.php?rest_route=%2Fwp%2Fv2%2Fmedia&parent=26443"}],"wp:term":[{"taxonomy":"category","embeddable":true,"href":"http:\/\/informateesquina.com\/index.php?rest_route=%2Fwp%2Fv2%2Fcategories&post=26443"},{"taxonomy":"post_tag","embeddable":true,"href":"http:\/\/informateesquina.com\/index.php?rest_route=%2Fwp%2Fv2%2Ftags&post=26443"}],"curies":[{"name":"wp","href":"https:\/\/api.w.org\/{rel}","templated":true}]}}