{"id":26461,"date":"2019-03-23T16:30:50","date_gmt":"2019-03-23T19:30:50","guid":{"rendered":"https:\/\/informateesquina.com\/?p=26461"},"modified":"2019-03-23T16:30:50","modified_gmt":"2019-03-23T19:30:50","slug":"cuales-son-los-dias-no-laborables-de-abril","status":"publish","type":"post","link":"http:\/\/informateesquina.com\/?p=26461","title":{"rendered":"Cu\u00e1les son los d\u00edas no laborables de abril"},"content":{"rendered":"<div class=\"row amp-type-text\">\n<div class=\"col-xs-12 col-print-12\">\n<p class=\"element element-paragraph\">Hist\u00f3ricamente, abril suele ser\u00a0un mes con feriados y d\u00edas no laborables muy esperado por las familias que aprovechan los fines de semana largos para hacer una &#8220;escapadita&#8221; a los diversos puntos tur\u00edsticos que tiene la Argentina.<\/p>\n<\/div>\n<\/div>\n<div class=\"row amp-type-text\">\n<div class=\"col-xs-12 col-print-12\">\n<p class=\"element element-paragraph\">Este a\u00f1o la situaci\u00f3n econ\u00f3mica es compleja. As\u00ed lo demuestran los \u00faltimos indicadores oficiales sobre inflaci\u00f3n, actividad econ\u00f3mica y desocupaci\u00f3n. Pese a ello, c\u00e1maras de hoteleros, gastron\u00f3micos y\u00a0econom\u00edas locales aguardan este mes con una expectativa especial porque aspiran a hacer una diferencia.<\/p>\n<\/div>\n<\/div>\n<div class=\"row amp-type-text\">\n<div class=\"col-xs-12 col-print-12\">\n<p class=\"element element-paragraph\"><a href=\"https:\/\/www.infobae.com\/sociedad\/2018\/12\/20\/feriados-2019-dias-no-laborables-calendario\/\" target=\"_blank\" rel=\"noopener noreferrer\">Seg\u00fan el calendario oficial<\/a>\u00a0sancionado por ley, el cuarto mes del a\u00f1o tendr\u00e1 dos feriados y varios d\u00edas no laborables en los cuales la asistencia al trabajo depende de cada empleador.<\/p>\n<\/div>\n<\/div>\n<div class=\"row amp-type-text\">\n<div class=\"col-xs-12 col-print-12\">\n<p class=\"element element-paragraph\">El primer feriado ser\u00e1 el martes 2 de abril. Se conmemora el D\u00eda del Veterano y de los Ca\u00eddos en la Guerra de Malvinas.\u00a0<strong>Es inamovible<\/strong>, seg\u00fan surge de la ley 27399 sancionada por el Congreso Nacional.<\/p>\n<\/div>\n<\/div>\n<div class=\"row amp-type-text\">\n<div class=\"col-xs-12 col-print-12\">\n<p class=\"element element-paragraph\">En algunas oficinas tur\u00edsticas del interior aspiraban a que el gobierno estableciera como feriado puente el lunes 1\u00b0 de abril, lo que hubiera generado un fin de semana largo de 4 d\u00edas.\u00a0<strong>La posibilidad fue totalmente descartada. El calendario 2019 fue establecido el a\u00f1o pasado por decreto y no hay posibilidades de una modificaci\u00f3n.<\/strong><\/p>\n<\/div>\n<\/div>\n<div class=\"row amp-type-text\">\n<div class=\"col-xs-12 col-print-12\">\n<p class=\"element element-paragraph\">No obstante, no habr\u00e1 que esperar mucho para encontrar un finde largo en el horizonte. El 19 de abril es feriado. Se conmemora el Viernes Santo para recordar la crucifixi\u00f3n y muerte de Jes\u00fas. Para algunos trabajadores, el peque\u00f1o descanso laboral podr\u00eda llegar a ser de cuatro d\u00edas porque el jueves 18 fue establecido como d\u00eda no laborable (Jueves Santo).<\/p>\n<\/div>\n<\/div>\n<div class=\"row amp-type-text\">\n<div class=\"col-xs-12 col-print-12\">\n<p class=\"element element-paragraph\"><strong>\u00bfQu\u00e9 se entiende por d\u00eda no laborable?<\/strong>Es una fecha donde el trabajo ser\u00e1 optativo para el empleador, salvo en bancos, seguros y actividades afines. En otras palabras, el descanso queda supeditado a la voluntad de la compa\u00f1\u00eda.<\/p>\n<\/div>\n<\/div>\n<div class=\"row amp-type-text\">\n<div class=\"col-xs-12 col-print-12\">\n<p class=\"element element-paragraph\">En abril tambi\u00e9n ser\u00e1n no laborables los d\u00edas 19, 20, 21, 25, 26 y 27 en virtud de las pascuas jud\u00edas y el 24 (d\u00eda de acci\u00f3n por la tolerancia y el respeto entre los pueblos).<\/p>\n<\/div>\n<\/div>\n<div class=\"row amp-type-text\">\n<div class=\"col-xs-12 col-print-12\">\n<p class=\"element element-paragraph\">Los trabajadores que no presten servicios en las festividades religiosas percibir\u00e1n igualmente la remuneraci\u00f3n y dem\u00e1s derechos emergentes de la relaci\u00f3n laboral como cualquier otra jornada habitual.<\/p>\n<\/div>\n<\/div>\n","protected":false},"excerpt":{"rendered":"<p>Hist\u00f3ricamente, abril suele ser\u00a0un mes con feriados y d\u00edas no laborables muy esperado por las familias que aprovechan los fines de semana largos para hacer una &#8220;escapadita&#8221; a los diversos puntos tur\u00edsticos que tiene la Argentina. Este a\u00f1o la situaci\u00f3n econ\u00f3mica es compleja. As\u00ed lo demuestran los \u00faltimos indicadores oficiales sobre inflaci\u00f3n, actividad econ\u00f3mica y [&hellip;]<\/p>\n","protected":false},"author":1,"featured_media":26462,"comment_status":"closed","ping_status":"closed","sticky":false,"template":"","format":"standard","meta":{"footnotes":""},"categories":[11],"tags":[],"class_list":["post-26461","post","type-post","status-publish","format-standard","has-post-thumbnail","hentry","category-sociedad"],"_links":{"self":[{"href":"http:\/\/informateesquina.com\/index.php?rest_route=\/wp\/v2\/posts\/26461","targetHints":{"allow":["GET"]}}],"collection":[{"href":"http:\/\/informateesquina.com\/index.php?rest_route=\/wp\/v2\/posts"}],"about":[{"href":"http:\/\/informateesquina.com\/index.php?rest_route=\/wp\/v2\/types\/post"}],"author":[{"embeddable":true,"href":"http:\/\/informateesquina.com\/index.php?rest_route=\/wp\/v2\/users\/1"}],"replies":[{"embeddable":true,"href":"http:\/\/informateesquina.com\/index.php?rest_route=%2Fwp%2Fv2%2Fcomments&post=26461"}],"version-history":[{"count":0,"href":"http:\/\/informateesquina.com\/index.php?rest_route=\/wp\/v2\/posts\/26461\/revisions"}],"wp:featuredmedia":[{"embeddable":true,"href":"http:\/\/informateesquina.com\/index.php?rest_route=\/wp\/v2\/media\/26462"}],"wp:attachment":[{"href":"http:\/\/informateesquina.com\/index.php?rest_route=%2Fwp%2Fv2%2Fmedia&parent=26461"}],"wp:term":[{"taxonomy":"category","embeddable":true,"href":"http:\/\/informateesquina.com\/index.php?rest_route=%2Fwp%2Fv2%2Fcategories&post=26461"},{"taxonomy":"post_tag","embeddable":true,"href":"http:\/\/informateesquina.com\/index.php?rest_route=%2Fwp%2Fv2%2Ftags&post=26461"}],"curies":[{"name":"wp","href":"https:\/\/api.w.org\/{rel}","templated":true}]}}