{"id":26476,"date":"2019-03-24T13:12:25","date_gmt":"2019-03-24T16:12:25","guid":{"rendered":"https:\/\/informateesquina.com\/?p=26476"},"modified":"2019-03-24T13:12:25","modified_gmt":"2019-03-24T16:12:25","slug":"ara-san-juan-los-familiares-podran-ver-las-fotos-y-videos-obtenidos","status":"publish","type":"post","link":"http:\/\/informateesquina.com\/?p=26476","title":{"rendered":"Ara San Juan: Los familiares podr\u00e1n ver las fotos y videos obtenidos"},"content":{"rendered":"<p>Seg\u00fan se pudo saber Marta Y\u00e1\u00f1ez, la jueza federal de Caleta Olivia, determin\u00f3 que sea esa la fecha en la que expondr\u00e1, a trav\u00e9s de videoconferencia el material entregado por la empresa que encontr\u00f3 la nave argentina cuando se cumpl\u00eda un a\u00f1o y un d\u00eda de su desaparici\u00f3n.<\/p>\n<p>La exhibici\u00f3n ser\u00e1 de &#8220;car\u00e1cter reservado&#8221; y &#8220;solo podr\u00e1n acceder madres, padres, esposas\/convivientes y\/o hijos mayores de edad de los 44 tripulantes&#8221;, dice el documento que se difundir\u00e1 en las pr\u00f3ximas horas.<\/p>\n<p>Adem\u00e1s, remarca: &#8220;a fines de evitar la filtraci\u00f3n y divulgaci\u00f3n de im\u00e1genes se impedir\u00e1 acceder a los recintos con tel\u00e9fonos celulares, c\u00e1maras y\/ similares, preservando el todo momento el derecho a la intimidad de los familiares y en especial velando por los intereses superiores del ni\u00f1o y sus derechos&#8221;.<\/p>\n<p><img loading=\"lazy\" decoding=\"async\" class=\"alignnone size-medium wp-image-26477\" src=\"https:\/\/informateesquina.com\/wp-content\/uploads\/2019\/03\/2816862w360-300x200.jpg\" alt=\"\" width=\"300\" height=\"200\" srcset=\"http:\/\/informateesquina.com\/wp-content\/uploads\/2019\/03\/2816862w360-300x200.jpg 300w, http:\/\/informateesquina.com\/wp-content\/uploads\/2019\/03\/2816862w360.jpg 360w\" sizes=\"auto, (max-width: 300px) 100vw, 300px\" \/><\/p>\n<p>Los diferentes puntos del pa\u00eds en donde se reunir\u00e1 a los familiares reci\u00e9n se conocer\u00edan una semana antes y, en funci\u00f3n del pedido de los interesados. Esto es porque hay un grupo que ya decidi\u00f3 no ver las im\u00e1genes del submarino hundido y pidieron que no se hicieran p\u00fablicas.<br \/>\nLas im\u00e1genes procesadas<br \/>\nHace tres semanas, y luego de tres meses de recibir el material, dos de los tres discos que conten\u00edan &#8220;im\u00e1genes&#8221; de sonar de la zona donde fue encontrado hundido el submarino ARA San Juan, pudieron ser procesados para generar una imagen tridimensional del lecho marino.<br \/>\nEl procedimiento se hizo en la sede porte\u00f1a del Servicio de Hidrograf\u00eda Naval (SHN) bajo fuertes medidas de seguridad para evitar filtraciones. Luego Y\u00e1\u00f1ez se llev\u00f3 las im\u00e1genes 3D al sur.<br \/>\n&#8220;Lo que se hizo fue analizar un fragmento del \u00e1rea donde est\u00e1 el submarino. No todos los sonidos contenidos en el disco dos y tres&#8221;, explic\u00f3 a este medio una de las personas que presenci\u00f3 el proceso los tres d\u00edas, que dur\u00f3 entre el martes y el jueves.<\/p>\n<p><img loading=\"lazy\" decoding=\"async\" class=\"alignnone size-medium wp-image-26478\" src=\"https:\/\/informateesquina.com\/wp-content\/uploads\/2019\/03\/2816780w360-300x200.jpg\" alt=\"\" width=\"300\" height=\"200\" srcset=\"http:\/\/informateesquina.com\/wp-content\/uploads\/2019\/03\/2816780w360-300x200.jpg 300w, http:\/\/informateesquina.com\/wp-content\/uploads\/2019\/03\/2816780w360.jpg 360w\" sizes=\"auto, (max-width: 300px) 100vw, 300px\" \/><\/p>\n<p>&#8220;No se hizo todo porque llevaba mucho tiempo y no era necesario. La empresa hizo un \u00e1rea de barrido muy grande de un kil\u00f3metro de ancho por un kil\u00f3metro de largo tomando como centro el lugar donde est\u00e1 el submarino. Antes de comenzar a procesar los sonidos, se pusieron de acuerdo los peritos de que la zona a mapear fuera de 160 metros por 160 metros&#8221;, precis\u00f3.<br \/>\nSeg\u00fan las fuentes de LA NACION, dentro de ese cuadrado se pudo ver tanto el casco resistente (la parte m\u00e1s grande del submarino) como el resto de las piezas o escombros del ARA San Juan que est\u00e1n situados a unos 200 kil\u00f3metros de la costa argentina, a m\u00e1s de 900 metros de profundidad, en una zona de ca\u00f1adones al final del talud continental.<br \/>\n&#8220;Se gener\u00f3 una imagen tridimensional que permite jugar o moverse sobre los tres ejes. Con un software libre se puede explorar desde diferentes \u00e1ngulos esta reconstrucci\u00f3n visual generada a trav\u00e9s de sonidos&#8221;, detallaron. &#8220;Se ve como una especie de gusanito que es el casco resistente y los escombros alrededor&#8221;, graficaron.<br \/>\nPara poder elegir la zona a analizar se tom\u00f3 como referencia las coordenadas exactas enviadas por Ocean Infinity, la empresa a cargo del hallazgo de la nave, el pasado 17 de noviembre. Luego, como cada archivo de audio estaba geolocalizado y ten\u00edan fecha y hora, se fueron abriendo esos a trav\u00e9s del software llamado &#8220;Audelia&#8221;. Estuvieron a cargo expertos del SSHN en tres jornadas de 8 horas cada una.<\/p>\n<p>Un mapeo clave<br \/>\n&#8220;Se hizo tan r\u00e1pido porque se delimit\u00f3 el \u00e1rea. Si se hac\u00eda el an\u00e1lisis de un kil\u00f3metro por un kil\u00f3metro iba a tomar, al menos siete d\u00edas de trabajo&#8221;, explicaron y dijeron que, en caso de que fuera pedido por alguna de las partes, se puede continuar con el radio mayor.<br \/>\nPara los investigadores poder contar con este mapeo 3D resulta importante ya que les permitir\u00e1 comparar las dimensiones de los objetos que pudieron ver en las fotos y videos contenidos en el disco uno que ya hab\u00edan sido analizados. Incluso, les servir\u00e1 para calcular la distancia existente entre los escombros y el casco resistente del ARA San Juan.<\/p>\n<p>Seg\u00fan dijeron, en la imagen generada se pueden ver que la mayor parte de los escombros se encuentran en un radio de entre 60 y 80 metros del cuerpo principal del buque de la Armada que implosion\u00f3 luego de pasar los 600 metros de profundidad para los que estaba dise\u00f1ado que resistiera.<br \/>\nPara las pocas personas que ya hab\u00edan visto las fotos y videos del disco uno, el mapeo 3D les result\u00f3 &#8220;esclarecedor&#8221; sobre la disposici\u00f3n final del submarino ya que a\u00fan no se cuenta con una foto que permita ver en su totalidad al ARA San Juan.<\/p>\n","protected":false},"excerpt":{"rendered":"<p>Seg\u00fan se pudo saber Marta Y\u00e1\u00f1ez, la jueza federal de Caleta Olivia, determin\u00f3 que sea esa la fecha en la que expondr\u00e1, a trav\u00e9s de videoconferencia el material entregado por la empresa que encontr\u00f3 la nave argentina cuando se cumpl\u00eda un a\u00f1o y un d\u00eda de su desaparici\u00f3n. La exhibici\u00f3n ser\u00e1 de &#8220;car\u00e1cter reservado&#8221; y [&hellip;]<\/p>\n","protected":false},"author":1,"featured_media":26479,"comment_status":"closed","ping_status":"closed","sticky":false,"template":"","format":"standard","meta":{"footnotes":""},"categories":[7],"tags":[],"class_list":["post-26476","post","type-post","status-publish","format-standard","has-post-thumbnail","hentry","category-nacionales"],"_links":{"self":[{"href":"http:\/\/informateesquina.com\/index.php?rest_route=\/wp\/v2\/posts\/26476","targetHints":{"allow":["GET"]}}],"collection":[{"href":"http:\/\/informateesquina.com\/index.php?rest_route=\/wp\/v2\/posts"}],"about":[{"href":"http:\/\/informateesquina.com\/index.php?rest_route=\/wp\/v2\/types\/post"}],"author":[{"embeddable":true,"href":"http:\/\/informateesquina.com\/index.php?rest_route=\/wp\/v2\/users\/1"}],"replies":[{"embeddable":true,"href":"http:\/\/informateesquina.com\/index.php?rest_route=%2Fwp%2Fv2%2Fcomments&post=26476"}],"version-history":[{"count":0,"href":"http:\/\/informateesquina.com\/index.php?rest_route=\/wp\/v2\/posts\/26476\/revisions"}],"wp:featuredmedia":[{"embeddable":true,"href":"http:\/\/informateesquina.com\/index.php?rest_route=\/wp\/v2\/media\/26479"}],"wp:attachment":[{"href":"http:\/\/informateesquina.com\/index.php?rest_route=%2Fwp%2Fv2%2Fmedia&parent=26476"}],"wp:term":[{"taxonomy":"category","embeddable":true,"href":"http:\/\/informateesquina.com\/index.php?rest_route=%2Fwp%2Fv2%2Fcategories&post=26476"},{"taxonomy":"post_tag","embeddable":true,"href":"http:\/\/informateesquina.com\/index.php?rest_route=%2Fwp%2Fv2%2Ftags&post=26476"}],"curies":[{"name":"wp","href":"https:\/\/api.w.org\/{rel}","templated":true}]}}