{"id":26482,"date":"2019-03-25T09:24:13","date_gmt":"2019-03-25T12:24:13","guid":{"rendered":"https:\/\/informateesquina.com\/?p=26482"},"modified":"2019-03-25T09:24:13","modified_gmt":"2019-03-25T12:24:13","slug":"wilfredo-collinet-asumio-como-el-nuevo-presidente-de-la-fecof","status":"publish","type":"post","link":"http:\/\/informateesquina.com\/?p=26482","title":{"rendered":"Wilfredo Collinet asumi\u00f3 como el nuevo presidente de la Fecof"},"content":{"rendered":"<p>En la localidad de Curuz\u00fa Cuati\u00e1 se reanud\u00f3 la Asamblea General Ordinaria de la Federaci\u00f3n Correntina de F\u00fatbol (Fe.Co.F.). Con dos mociones presentadas y al no haber consenso nuevamente, se pas\u00f3 a votaci\u00f3n.Como resultado el dirigente libre\u00f1o \u201cWilly\u201d Collinet, sali\u00f3 victorioso con 8 votos a favor, contra 5 del hist\u00f3rico presidente Edgardo Lu\u00eds Corradini.<\/p>\n<p>El acto institucional comenz\u00f3 cerca de las 10 horas con 13 ligas presentes y la \u00fanica ausente fue la Liga Sauce\u00f1a.<\/p>\n<p>Posteriormente el Secretario Walter Rodr\u00edguez pas\u00f3 a informar sobre el punto 5 del temario asamble\u00edsta donde se plantearon dos mociones: la del presidente Corradini de mantener su Mesa Directiva, y la del titular de la Liga Goyana, Daniel Dening, de hacer unos cambios en algunos cargos, pero siempre con \u201cYuyo\u201d a la cabeza. Esta \u00faltima, fue desactivada por el mismo dirigente.<\/p>\n<p>Distintos presidentes de ligas manifestaron sus intenciones para la elecci\u00f3n de autoridades, y a su vez se transmiti\u00f3 el pensamiento de la mesa directiva.<\/p>\n<p>Los titulares liguistas tambi\u00e9n dieron a una tercera liga, la liga Esqu\u00ednense que ten\u00eda a Wilfredo Collinet como candidato a presidente.<\/p>\n<p>Al no existir consenso, se pas\u00f3 a un cuarto intermedio donde solamente quedaron presentes en el sal\u00f3n, los 13 presidentes de ligas y el resto de los presentes se retir\u00f3 unos 15 minutos, para as\u00ed tomar una decisi\u00f3n de cara al acto eleccionario.<\/p>\n<p>A su regreso y manteni\u00e9ndose las diferencias, quedaron dos listas, baj\u00e1ndose la de Goya. Una oficial, encabezada por Corradini, y la otra propuesta antes mencionadas. Paso previo y respetando el estatuto federativo, para quedar habilitado como candidato a presidente, el Dr. Collinet present\u00f3 su renuncia a la presidencia de la Liga Libre\u00f1a \u201cGral. Madariaga\u201d (LLF).<\/p>\n<p>Una vez emitidos los sufragios por parte de los presidentes liguistas, se hizo el escrutinio, resultando una diferencia de 8 a 5 a favor de la Lista 2 encabezada por Wilfredo Collinet.<\/p>\n<p>As\u00ed dirigente libre\u00f1o asumi\u00f3 la presidencia por los pr\u00f3ximos dos a\u00f1os 2019-2020 y ratific\u00f3 que intentar\u00e1 \u201cseguir esta l\u00ednea de crecimiento institucional y deportivo\u201d y con la \u201cayuda de todos\u201d.<\/p>\n<p><b>\u00bfQUI\u00c9N ES EL NUEVO PRESIDENTE?<\/b><\/p>\n<p>Wilfredo Collinet tiene 36 a\u00f1os, es abogado, pol\u00edtico, deportista y dirigente deportivo. Actualmente es Concejal por el Partido Radical en Paso de los Libres, y hasta el d\u00eda de la fecha fue titular de la Liga Libre\u00f1a de F\u00fatbol. Es tambi\u00e9n basquetbolista y preside a su club Barraca, como a su vez, la Asociaci\u00f3n de B\u00e1squet \u201cCosta del Uruguay\u201d.<\/p>\n<p><strong>LA NUEVA COMISION<\/strong><\/p>\n<p><strong>Presidente<\/strong>: Wilfredo Collinet<\/p>\n<p><strong>Vicepresidente<\/strong>: Miguel Arismendi (Santo Tom\u00e9)<\/p>\n<p><strong>Secretario<\/strong>: Humberto Daniel (La Cruz)<\/p>\n<p><strong>Prosecretario<\/strong>: Antonio Valdovino (Virasoro)<\/p>\n<p><strong>Tesorero<\/strong>: Cristi\u00e1n Hermos\u00eds (Bella Vista)<\/p>\n<p><strong>Protesorero<\/strong>: Claudio Gonz\u00e1lez (Ituzaing\u00f3)<\/p>\n<p><strong>Revisores de Cuenta<\/strong>: Titular, Juan Carlos Espinosa (Capital); suplente, Humberto Daniel Rivero (Esquina)<\/p>\n<p><strong>Tribuna de Disciplina<\/strong>: a confirmar.<\/p>\n<p>La primera reuni\u00f3n ordinaria de la temporada 2019, ser\u00e1 el pr\u00f3ximo s\u00e1bado 6 de abril en la ciudad de Bella Vista.<\/p>\n","protected":false},"excerpt":{"rendered":"<p>En la localidad de Curuz\u00fa Cuati\u00e1 se reanud\u00f3 la Asamblea General Ordinaria de la Federaci\u00f3n Correntina de F\u00fatbol (Fe.Co.F.). Con dos mociones presentadas y al no haber consenso nuevamente, se pas\u00f3 a votaci\u00f3n.Como resultado el dirigente libre\u00f1o \u201cWilly\u201d Collinet, sali\u00f3 victorioso con 8 votos a favor, contra 5 del hist\u00f3rico presidente Edgardo Lu\u00eds Corradini. El [&hellip;]<\/p>\n","protected":false},"author":1,"featured_media":26483,"comment_status":"closed","ping_status":"closed","sticky":false,"template":"","format":"standard","meta":{"footnotes":""},"categories":[3,6],"tags":[],"class_list":["post-26482","post","type-post","status-publish","format-standard","has-post-thumbnail","hentry","category-deportes","category-locales"],"_links":{"self":[{"href":"http:\/\/informateesquina.com\/index.php?rest_route=\/wp\/v2\/posts\/26482","targetHints":{"allow":["GET"]}}],"collection":[{"href":"http:\/\/informateesquina.com\/index.php?rest_route=\/wp\/v2\/posts"}],"about":[{"href":"http:\/\/informateesquina.com\/index.php?rest_route=\/wp\/v2\/types\/post"}],"author":[{"embeddable":true,"href":"http:\/\/informateesquina.com\/index.php?rest_route=\/wp\/v2\/users\/1"}],"replies":[{"embeddable":true,"href":"http:\/\/informateesquina.com\/index.php?rest_route=%2Fwp%2Fv2%2Fcomments&post=26482"}],"version-history":[{"count":0,"href":"http:\/\/informateesquina.com\/index.php?rest_route=\/wp\/v2\/posts\/26482\/revisions"}],"wp:featuredmedia":[{"embeddable":true,"href":"http:\/\/informateesquina.com\/index.php?rest_route=\/wp\/v2\/media\/26483"}],"wp:attachment":[{"href":"http:\/\/informateesquina.com\/index.php?rest_route=%2Fwp%2Fv2%2Fmedia&parent=26482"}],"wp:term":[{"taxonomy":"category","embeddable":true,"href":"http:\/\/informateesquina.com\/index.php?rest_route=%2Fwp%2Fv2%2Fcategories&post=26482"},{"taxonomy":"post_tag","embeddable":true,"href":"http:\/\/informateesquina.com\/index.php?rest_route=%2Fwp%2Fv2%2Ftags&post=26482"}],"curies":[{"name":"wp","href":"https:\/\/api.w.org\/{rel}","templated":true}]}}