{"id":26488,"date":"2019-03-25T17:02:29","date_gmt":"2019-03-25T20:02:29","guid":{"rendered":"https:\/\/informateesquina.com\/?p=26488"},"modified":"2019-03-25T17:02:29","modified_gmt":"2019-03-25T20:02:29","slug":"saladas-una-mujer-y-cinco-ninos-murieron-en-un-incendio","status":"publish","type":"post","link":"http:\/\/informateesquina.com\/?p=26488","title":{"rendered":"Saladas: Una mujer y cinco ni\u00f1os murieron en un incendio"},"content":{"rendered":"<p>El hecho ocurri\u00f3 alrededor de las 2 de la madrugada de este lunes, en una vivienda ubicada en la Primera Secci\u00f3n, Colonia Cabral, de Saladas. Como consecuencia del incendio, murieron seis personas; una mujer de 40 a\u00f1os y cinco ni\u00f1os de entre 2 y 13 a\u00f1os.<\/p>\n<p>El t\u00edo de los ni\u00f1os intent\u00f3 rescatarlos pero no lo logr\u00f3 y debi\u00f3 ser atendido por los m\u00e9dicos por las quemaduras sufridas en el desesperado intento.<\/p>\n<p>La mujer fue identificada como Romina Brizuela y los ni\u00f1os eran sus hijos de entre 2 y 13 a\u00f1os. Uno de ellos, un menor de 14, que viv\u00eda en la casa de sus abuelos, fue el \u00fanico sobreviviente a la tragedia ya que no se encontraba en la vivienda. La casa construida de material y madera, sufri\u00f3 las consecuencias de las llamas.<br \/>\nLa hip\u00f3tesis hasta el momento es que las llamas pudieron haberse generado por un desperfecto el\u00e9ctrico, ya que las conexiones aparentemente eran precarias.<\/p>\n","protected":false},"excerpt":{"rendered":"<p>El hecho ocurri\u00f3 alrededor de las 2 de la madrugada de este lunes, en una vivienda ubicada en la Primera Secci\u00f3n, Colonia Cabral, de Saladas. Como consecuencia del incendio, murieron seis personas; una mujer de 40 a\u00f1os y cinco ni\u00f1os de entre 2 y 13 a\u00f1os. El t\u00edo de los ni\u00f1os intent\u00f3 rescatarlos pero no [&hellip;]<\/p>\n","protected":false},"author":1,"featured_media":26489,"comment_status":"closed","ping_status":"closed","sticky":false,"template":"","format":"standard","meta":{"footnotes":""},"categories":[8],"tags":[],"class_list":["post-26488","post","type-post","status-publish","format-standard","has-post-thumbnail","hentry","category-policiales"],"_links":{"self":[{"href":"http:\/\/informateesquina.com\/index.php?rest_route=\/wp\/v2\/posts\/26488","targetHints":{"allow":["GET"]}}],"collection":[{"href":"http:\/\/informateesquina.com\/index.php?rest_route=\/wp\/v2\/posts"}],"about":[{"href":"http:\/\/informateesquina.com\/index.php?rest_route=\/wp\/v2\/types\/post"}],"author":[{"embeddable":true,"href":"http:\/\/informateesquina.com\/index.php?rest_route=\/wp\/v2\/users\/1"}],"replies":[{"embeddable":true,"href":"http:\/\/informateesquina.com\/index.php?rest_route=%2Fwp%2Fv2%2Fcomments&post=26488"}],"version-history":[{"count":0,"href":"http:\/\/informateesquina.com\/index.php?rest_route=\/wp\/v2\/posts\/26488\/revisions"}],"wp:featuredmedia":[{"embeddable":true,"href":"http:\/\/informateesquina.com\/index.php?rest_route=\/wp\/v2\/media\/26489"}],"wp:attachment":[{"href":"http:\/\/informateesquina.com\/index.php?rest_route=%2Fwp%2Fv2%2Fmedia&parent=26488"}],"wp:term":[{"taxonomy":"category","embeddable":true,"href":"http:\/\/informateesquina.com\/index.php?rest_route=%2Fwp%2Fv2%2Fcategories&post=26488"},{"taxonomy":"post_tag","embeddable":true,"href":"http:\/\/informateesquina.com\/index.php?rest_route=%2Fwp%2Fv2%2Ftags&post=26488"}],"curies":[{"name":"wp","href":"https:\/\/api.w.org\/{rel}","templated":true}]}}