{"id":26494,"date":"2019-03-25T17:12:41","date_gmt":"2019-03-25T20:12:41","guid":{"rendered":"https:\/\/informateesquina.com\/?p=26494"},"modified":"2019-03-25T17:12:41","modified_gmt":"2019-03-25T20:12:41","slug":"macri-recibio-a-los-reyes-y-dijo-que-la-argentina-esta-haciendo-los-mismos-cambios-que-espana-hace-anos","status":"publish","type":"post","link":"http:\/\/informateesquina.com\/?p=26494","title":{"rendered":"Macri recibi\u00f3 a los reyes y dijo que la Argentina &#8220;est\u00e1 haciendo los mismos cambios que Espa\u00f1a hace a\u00f1os&#8221;"},"content":{"rendered":"<p style=\"text-align: left;\">Tras homenajear al general San Mart\u00edn con una ofrenda floral, los\u00a0<a href=\"https:\/\/www.lanacion.com.ar\/sociedad\/visita-reyes-espana-cortes-se-produciran-hoy-nid2231819\">reyes<\/a>\u00a0de<a href=\"https:\/\/www.lanacion.com.ar\/tema\/espana-tid48146\">Espa\u00f1a,\u00a0<\/a><a href=\"https:\/\/www.lanacion.com.ar\/tema\/felipe-vi-tid54105\">Felipe VI\u00a0<\/a>y\u00a0<a href=\"https:\/\/www.lanacion.com.ar\/tema\/reina-letizia-tid47457\">Letizia\u00a0<\/a>Ortiz, que visitan por primera vez la Argentina como pareja real, llegaron a la Casa Rosada, donde fueron recibidos por el\u00a0<a href=\"https:\/\/www.lanacion.com.ar\/politica\/llegan-los-reyes-de-espana-y-se-reunen-con-macri-nid2231795\">presidente<\/a><a href=\"https:\/\/www.lanacion.com.ar\/tema\/mauricio-macri-tid447\">Mauricio Macri.<\/a><\/p>\n<p style=\"text-align: left;\">Escoltados por una formaci\u00f3n del Regimiento de Granaderos a Caballo, los\u00a0<a href=\"https:\/\/www.lanacion.com.ar\/politica\/los-reyes-espana-llegaron-al-pais-debieron-nid2231803\">Reyes<\/a>arribaron antes de las 11 sobre la explanada de acceso de avenida Rivadavia, donde recibieron los honores de una guardia militar y de la Fanfarria Alto Per\u00fa, de acuerdo con lo publicado por la agencia T\u00e9lam. Despu\u00e9s, Macri y su esposa\u00a0<a href=\"https:\/\/www.lanacion.com.ar\/tema\/juliana-awada-tid47449\">Juliana Awada\u00a0<\/a>les dieron el saludo de bienvenida en el p\u00f3rtico de entrada al Sal\u00f3n de los Bustos y, desde all\u00ed, se trasladaron hasta el Sal\u00f3n Blanco, donde se tom\u00f3 la foto oficial.<\/p>\n<p style=\"text-align: left;\">&#8220;Quiero dar la bienvenida a sus majestades. Es la primera vez que volvemos a tener una visita de Estado en m\u00e1s de 30 a\u00f1os, estamos muy contentos&#8221;, dijo el Presidente en el comienzo de su discurso. &#8220;Tomamos esta visita como muestra de afecto y de apoyo en este momento de cambios, de transformaciones profundas que cuestan, que requieren de esfuerzo, las mismas que ustedes hicieron hace muchos a\u00f1os&#8221;, asegur\u00f3 respecto a Espa\u00f1a.<\/p>\n<p style=\"text-align: left;\">Asimismo, Macri habl\u00f3 sobre la evoluci\u00f3n de los espa\u00f1oles en tanto a su calidad de vida y asever\u00f3 que eso es lo que \u00e9l est\u00e1 buscando para los argentinos: &#8220;Estamos haciendo lo mismo, aspirando a eso&#8221;.<\/p>\n<figure id=\"attachment_26495\" aria-describedby=\"caption-attachment-26495\" style=\"width: 300px\" class=\"wp-caption alignnone\"><img loading=\"lazy\" decoding=\"async\" class=\"size-medium wp-image-26495\" src=\"https:\/\/informateesquina.com\/wp-content\/uploads\/2019\/03\/FIGJoB9uO_720x0__1-300x200.jpg\" alt=\"\" width=\"300\" height=\"200\" srcset=\"http:\/\/informateesquina.com\/wp-content\/uploads\/2019\/03\/FIGJoB9uO_720x0__1-300x200.jpg 300w, http:\/\/informateesquina.com\/wp-content\/uploads\/2019\/03\/FIGJoB9uO_720x0__1.jpg 720w\" sizes=\"auto, (max-width: 300px) 100vw, 300px\" \/><figcaption id=\"caption-attachment-26495\" class=\"wp-caption-text\">25-03 Encuentro de los reyes de Espa\u00f1a Felipe y Leticia con el presidente Mauricio Macri y Juliana Awada en el sal\u00f3n blanco de casa rosada. Foto: Andr\u00e9s D\u2019Elia<\/figcaption><\/figure>\n<p style=\"text-align: left;\">Luego, resalt\u00f3 la calidez que sinti\u00f3 hace dos a\u00f1os, cuando viaj\u00f3 con su familia a Espa\u00f1a, y concluy\u00f3: &#8220;Esperamos que se sientan como nos sentimos nosotros hace dos a\u00f1os. Bienvenidos a casa&#8221;.<\/p>\n<div id=\"hybs-mslot-3103d1ce-6\" class=\"hybs-mslot\" style=\"text-align: left;\"><\/div>\n<div id=\"middle2_dsk\" class=\"banner middle-2 b-desktop\" style=\"text-align: left;\">\n<div id=\"eplAdDivmiddle2_dsk\">Por su parte, el rey Felipe tambi\u00e9n destac\u00f3 el tiempo que pas\u00f3 desde la \u00faltima visita de Estado y dijo: &#8220;Para un espa\u00f1ol o una espa\u00f1ola venir a la Argentina es algo muy especial. Imaginen lo que supone para nosotros venir hoy por primera vez como Reyes. Es una emoci\u00f3n grande, nos unen tantas cosas, sentir todo eso es algo que emociona&#8221;.<\/div>\n<\/div>\n<div id=\"hybs-mslot-3103d1ce-7\" class=\"hybs-mslot\" style=\"text-align: left;\"><\/div>\n<p style=\"text-align: left;\">El Rey adem\u00e1s indic\u00f3 que su paso por el pa\u00eds tambi\u00e9n implica &#8220;dar constancia e impulsar la continuidad de la excelente relaci\u00f3n que nos une, es un orgullo, un honor, una responsabilidad&#8221;.<\/p>\n<div id=\"hybs-mslot-3103d1ce-8\" class=\"hybs-mslot\" style=\"text-align: left;\"><\/div>\n<p style=\"text-align: left;\">Por \u00faltimo, antes de entrar a la reuni\u00f3n con el Presidente, Felipe destac\u00f3 que su visita &#8220;pretende impulsar la relaci\u00f3n estrat\u00e9gica y dar apoyo al estrechamiento de relaciones entre Europa y Am\u00e9rica del Sur. Tambi\u00e9n, apoyar a la Argentina, como siempre, en momentos dif\u00edciles. Somos muy conscientes de la situaci\u00f3n por la que han atravesado y aprobamos todos los programas de reforma que est\u00e1n en marcha&#8221;.<\/p>\n<h2 id=\"la-agenda\" class=\"subtitulo-1\" style=\"text-align: left;\">La agenda<\/h2>\n<p style=\"text-align: left;\">Felipe VI y Letizia Ortiz mantendr\u00e1n reuniones en Casa Rosada que incluir\u00e1n tambi\u00e9n a autoridades de gobierno y representantes diplom\u00e1ticos y, luego, se dirigir\u00e1n a la residencia de Olivos, donde compartir\u00e1n un almuerzo con el presidente Macri y la primera dama Juliana Awada.<\/p>\n<p style=\"text-align: left;\">La agenda proseguir\u00e1 con un intercambio de saludos entre las comitivas y con una reuni\u00f3n ampliada en el Sal\u00f3n de los Cient\u00edficos de la que participar\u00e1n ministros y autoridades diplom\u00e1ticas de ambos pa\u00edses.<\/p>\n<p style=\"text-align: left;\">El rey Felipe VI, de 51 a\u00f1os, y su esposa, Letizia Ortiz, estar\u00e1n acompa\u00f1ados por el ministro de Asuntos Exteriores, Uni\u00f3n Europea y Cooperaci\u00f3n, Josep Borrell, y el embajador espa\u00f1ol en Buenos Aires, Javier Sandomingo N\u00fa\u00f1ez, entre otras autoridades.<\/p>\n<p style=\"text-align: left;\">Por la tarde, a las 16, los Reyes visitar\u00e1n el Congreso de la Naci\u00f3n para dialogar con autoridades parlamentarias, en tanto que a las 17 har\u00e1n lo mismo en la Corte Suprema de Justicia. A las 20, ser\u00e1n agasajados con una cena ofrecida por el jefe de Estado y su esposa en la galer\u00eda del Sal\u00f3n de los Escudos del CCK.<\/p>\n<p><img loading=\"lazy\" decoding=\"async\" class=\"alignnone size-medium wp-image-26496\" src=\"https:\/\/informateesquina.com\/wp-content\/uploads\/2019\/03\/2899775w740-300x199.jpg\" alt=\"\" width=\"300\" height=\"199\" srcset=\"http:\/\/informateesquina.com\/wp-content\/uploads\/2019\/03\/2899775w740-300x199.jpg 300w, http:\/\/informateesquina.com\/wp-content\/uploads\/2019\/03\/2899775w740.jpg 740w\" sizes=\"auto, (max-width: 300px) 100vw, 300px\" \/><\/p>\n<p style=\"text-align: left;\">Ma\u00f1ana tendr\u00e1n un desayuno de trabajo con empresarios argentinos y espa\u00f1oles en la sede de la Canciller\u00eda, y a las 10.30, un encuentro de negocios organizado por la Fundaci\u00f3n Cotec (dedicada a la innovaci\u00f3n), en la sede de la empresa espa\u00f1ola Movistar.<\/p>\n<p style=\"text-align: left;\">A las 13, encabezar\u00e1n en La Rural un multitudinario encuentro con la colectividad espa\u00f1ola, y por la noche, Felipe VI ofrecer\u00e1 una cena para las autoridades argentinas en el restaurante de un lujoso hotel de Buenos Aires.<\/p>\n<p style=\"text-align: left;\">M\u00e1s tarde volar\u00e1n a C\u00f3rdoba, para asistir el mi\u00e9rcoles al acto inaugural junto a Macri del VIII Congreso Internacional de la Lengua Espa\u00f1ola (CILE), que sesionar\u00e1 del 27 al 30 de marzo en el Teatro Libertador San Mart\u00edn de esa ciudad con el lema &#8220;Am\u00e9rica y el futuro del espa\u00f1ol. Cultura y educaci\u00f3n, tecnolog\u00eda y emprendimiento&#8221;.<\/p>\n<p>&nbsp;<\/p>\n<div id=\"modalOverlay\"><img loading=\"lazy\" decoding=\"async\" class=\"alignnone size-medium wp-image-26497\" src=\"https:\/\/informateesquina.com\/wp-content\/uploads\/2019\/03\/2899774w1033-300x200.jpg\" alt=\"\" width=\"300\" height=\"200\" srcset=\"http:\/\/informateesquina.com\/wp-content\/uploads\/2019\/03\/2899774w1033-300x200.jpg 300w, http:\/\/informateesquina.com\/wp-content\/uploads\/2019\/03\/2899774w1033-1024x681.jpg 1024w, http:\/\/informateesquina.com\/wp-content\/uploads\/2019\/03\/2899774w1033-768x511.jpg 768w, http:\/\/informateesquina.com\/wp-content\/uploads\/2019\/03\/2899774w1033.jpg 1033w\" sizes=\"auto, (max-width: 300px) 100vw, 300px\" \/><\/div>\n<figure id=\"figure_2899775\" class=\"L epigrafe\" data-is=\"imagen\"><picture><source srcset=\"\/\/bucket2.glanacion.com\/anexos\/fotos\/75\/2899775w740.jpg\" media=\"(min-width: 768px)\" \/><source srcset=\"\/\/bucket2.glanacion.com\/anexos\/fotos\/75\/2899775w768.jpg\" media=\"(min-width: 380px)\" \/><\/picture><\/figure>\n","protected":false},"excerpt":{"rendered":"<p>Tras homenajear al general San Mart\u00edn con una ofrenda floral, los\u00a0reyes\u00a0deEspa\u00f1a,\u00a0Felipe VI\u00a0y\u00a0Letizia\u00a0Ortiz, que visitan por primera vez la Argentina como pareja real, llegaron a la Casa Rosada, donde fueron recibidos por el\u00a0presidenteMauricio Macri. Escoltados por una formaci\u00f3n del Regimiento de Granaderos a Caballo, los\u00a0Reyesarribaron antes de las 11 sobre la explanada de acceso de avenida [&hellip;]<\/p>\n","protected":false},"author":1,"featured_media":26498,"comment_status":"closed","ping_status":"closed","sticky":false,"template":"","format":"standard","meta":{"footnotes":""},"categories":[7],"tags":[],"class_list":["post-26494","post","type-post","status-publish","format-standard","has-post-thumbnail","hentry","category-nacionales"],"_links":{"self":[{"href":"http:\/\/informateesquina.com\/index.php?rest_route=\/wp\/v2\/posts\/26494","targetHints":{"allow":["GET"]}}],"collection":[{"href":"http:\/\/informateesquina.com\/index.php?rest_route=\/wp\/v2\/posts"}],"about":[{"href":"http:\/\/informateesquina.com\/index.php?rest_route=\/wp\/v2\/types\/post"}],"author":[{"embeddable":true,"href":"http:\/\/informateesquina.com\/index.php?rest_route=\/wp\/v2\/users\/1"}],"replies":[{"embeddable":true,"href":"http:\/\/informateesquina.com\/index.php?rest_route=%2Fwp%2Fv2%2Fcomments&post=26494"}],"version-history":[{"count":0,"href":"http:\/\/informateesquina.com\/index.php?rest_route=\/wp\/v2\/posts\/26494\/revisions"}],"wp:featuredmedia":[{"embeddable":true,"href":"http:\/\/informateesquina.com\/index.php?rest_route=\/wp\/v2\/media\/26498"}],"wp:attachment":[{"href":"http:\/\/informateesquina.com\/index.php?rest_route=%2Fwp%2Fv2%2Fmedia&parent=26494"}],"wp:term":[{"taxonomy":"category","embeddable":true,"href":"http:\/\/informateesquina.com\/index.php?rest_route=%2Fwp%2Fv2%2Fcategories&post=26494"},{"taxonomy":"post_tag","embeddable":true,"href":"http:\/\/informateesquina.com\/index.php?rest_route=%2Fwp%2Fv2%2Ftags&post=26494"}],"curies":[{"name":"wp","href":"https:\/\/api.w.org\/{rel}","templated":true}]}}