{"id":26503,"date":"2019-03-25T18:07:53","date_gmt":"2019-03-25T21:07:53","guid":{"rendered":"https:\/\/informateesquina.com\/?p=26503"},"modified":"2019-03-25T18:07:53","modified_gmt":"2019-03-25T21:07:53","slug":"diana-ross-defendio-a-michael-jackson-tras-las-denuncias-de-abuso-de-menores","status":"publish","type":"post","link":"http:\/\/informateesquina.com\/?p=26503","title":{"rendered":"Diana Ross defendi\u00f3 a Michael Jackson, tras las denuncias de abuso de menores"},"content":{"rendered":"<p>&#8220;Esto es lo que est\u00e1 en mi coraz\u00f3n esta ma\u00f1ana. Creo y conf\u00edo en que Michael Jackson fue y es una fuerza incre\u00edble y magn\u00edfica para m\u00ed y para muchos otros&#8221;, escribi\u00f3 en su cuenta de Twitter la cantante\u00a0Diana Ross\u00a0. &#8220;Det\u00e9nganse en nombre del amor &#8220;, agreg\u00f3 la artista que expres\u00f3 su apoyo incondicional a la figura de\u00a0Michael Jackson\u00a0, acusado de abuso sexual\u00a0en el documental Leaving Neverland\u00a0de reciente aparici\u00f3n.<\/p>\n<p>El legado de Jackson, una de las m\u00e1s grandes estrellas del pop de todos los tiempos, se ha visto da\u00f1ado a ra\u00edz del documental emitido por HBO, a pesar de que sus familiares, parientes y fan\u00e1ticos incondicionales han negado abiertamente las acusaciones al rey del Pop,\u00a0muerto en 2009.\u00a0Incluso\u00a0la artista Barbra Streissand\u00a0que relativiz\u00f3 las denuncias de la pel\u00edcula tuvo que salir a pedir perd\u00f3n a las v\u00edctimas.\u00a0Las estaciones de radio est\u00e1n sacando sus canciones de las listas de reproducci\u00f3n, y se ha pospuesto un nuevo musical biogr\u00e1fico,\u00a0Don&#8217;t Stop &#8216;Til You Get Enough.<\/p>\n<p><img loading=\"lazy\" decoding=\"async\" class=\"alignnone size-medium wp-image-26505\" src=\"https:\/\/informateesquina.com\/wp-content\/uploads\/2019\/03\/2894191w740-300x200.jpg\" alt=\"\" width=\"300\" height=\"200\" srcset=\"http:\/\/informateesquina.com\/wp-content\/uploads\/2019\/03\/2894191w740-300x200.jpg 300w, http:\/\/informateesquina.com\/wp-content\/uploads\/2019\/03\/2894191w740.jpg 740w\" sizes=\"auto, (max-width: 300px) 100vw, 300px\" \/><\/p>\n<p>Paul McCartney, que trabaj\u00f3 con Michael Jackson en el video de la canci\u00f3n &#8221;\u00a0Say say say&#8221;, tambi\u00e9n declar\u00f3 que\u00a0se sent\u00eda muy triste por conocer ese lado oscuro de Jacksonen el documental. &#8220;Michael Jackson era un gran gran talento, un gran artista, un gran cantante y un gran bailar\u00edn, y durante a\u00f1os amamos todo eso, pero nadie sab\u00eda de ese otro lado que se muestra en el documental. Puedo entender por qu\u00e9 la gente dice que ya no quiere escuchar su m\u00fasica&#8221;, dijo durante una entrevista en Chile.<\/p>\n<p>Recientemente el productor de Los Simpson, tambi\u00e9n\u00a0decidi\u00f3 levantar de los servicios de streaming el cap\u00edtulo de 1991 donde Michael Jackson participa\u00a0como invitado. El productor incluso lleg\u00f3 a sugerir que Jackson us\u00f3 su aparici\u00f3n como invitado para preparar a m\u00e1s v\u00edctimas. &#8220;Parece que el episodio fue usado por Michael Jackson para algo m\u00e1s que lo que hab\u00edamos pretendido&#8221;, dijo Jean en una entrevista con el Daily Beast . &#8220;No era solo una comedia para \u00e9l, era algo que se usaba como herramienta y creo firmemente en eso. Eso, para m\u00ed, es mi creencia, y es por eso que creo que eliminarlo es apropiado&#8221;, concluy\u00f3.<\/p>\n","protected":false},"excerpt":{"rendered":"<p>&#8220;Esto es lo que est\u00e1 en mi coraz\u00f3n esta ma\u00f1ana. Creo y conf\u00edo en que Michael Jackson fue y es una fuerza incre\u00edble y magn\u00edfica para m\u00ed y para muchos otros&#8221;, escribi\u00f3 en su cuenta de Twitter la cantante\u00a0Diana Ross\u00a0. &#8220;Det\u00e9nganse en nombre del amor &#8220;, agreg\u00f3 la artista que expres\u00f3 su apoyo incondicional a [&hellip;]<\/p>\n","protected":false},"author":1,"featured_media":26504,"comment_status":"closed","ping_status":"closed","sticky":false,"template":"","format":"standard","meta":{"footnotes":""},"categories":[4],"tags":[],"class_list":["post-26503","post","type-post","status-publish","format-standard","has-post-thumbnail","hentry","category-espectaculos"],"_links":{"self":[{"href":"http:\/\/informateesquina.com\/index.php?rest_route=\/wp\/v2\/posts\/26503","targetHints":{"allow":["GET"]}}],"collection":[{"href":"http:\/\/informateesquina.com\/index.php?rest_route=\/wp\/v2\/posts"}],"about":[{"href":"http:\/\/informateesquina.com\/index.php?rest_route=\/wp\/v2\/types\/post"}],"author":[{"embeddable":true,"href":"http:\/\/informateesquina.com\/index.php?rest_route=\/wp\/v2\/users\/1"}],"replies":[{"embeddable":true,"href":"http:\/\/informateesquina.com\/index.php?rest_route=%2Fwp%2Fv2%2Fcomments&post=26503"}],"version-history":[{"count":0,"href":"http:\/\/informateesquina.com\/index.php?rest_route=\/wp\/v2\/posts\/26503\/revisions"}],"wp:featuredmedia":[{"embeddable":true,"href":"http:\/\/informateesquina.com\/index.php?rest_route=\/wp\/v2\/media\/26504"}],"wp:attachment":[{"href":"http:\/\/informateesquina.com\/index.php?rest_route=%2Fwp%2Fv2%2Fmedia&parent=26503"}],"wp:term":[{"taxonomy":"category","embeddable":true,"href":"http:\/\/informateesquina.com\/index.php?rest_route=%2Fwp%2Fv2%2Fcategories&post=26503"},{"taxonomy":"post_tag","embeddable":true,"href":"http:\/\/informateesquina.com\/index.php?rest_route=%2Fwp%2Fv2%2Ftags&post=26503"}],"curies":[{"name":"wp","href":"https:\/\/api.w.org\/{rel}","templated":true}]}}