{"id":26520,"date":"2019-03-26T18:25:58","date_gmt":"2019-03-26T21:25:58","guid":{"rendered":"https:\/\/informateesquina.com\/?p=26520"},"modified":"2019-03-26T18:25:58","modified_gmt":"2019-03-26T21:25:58","slug":"el-2-de-junio-vamos-a-trabajar-todos-juntos-para-que-eco-haga-muy-buena-eleccion","status":"publish","type":"post","link":"http:\/\/informateesquina.com\/?p=26520","title":{"rendered":"&#8220;El 2 de junio vamos a trabajar todos juntos para que Eco haga muy buena elecci\u00f3n&#8221;"},"content":{"rendered":"<p>Armando Javier Tognola, el presidente departamental de la Uni\u00f3n C\u00edvica Radical de Esquina, habl\u00f3 con FM Del R\u00edo y se mostr\u00f3 conforme por haber llegado a un consenso de todos los sectores de la UCR. Y subray\u00f3 \u201ctodos los partidos pol\u00edticos tienen problemas, no hay que esconderlo bajo la alfombra. Quien dice que no tiene problemas, es mentira\u201d.<\/p>\n<p>\u201cLa intensi\u00f3n nuestra es fortalecer al partido, somos el partido del gobernador de la provincia, somos la UCR, un partido no solamente importante en el departamento de Esquina, sino a nivel provincial por la historia, por lo que es el radicalismo. Lo importante de todo esto es que el correligionario entendi\u00f3 que tocamos fondo y que ten\u00edamos que dejar de lado todas las cuestiones que nos diferencian y pensar en un objetivo entre todos, y poder darnos ese tiempo para trabajar juntos\u00b7.<\/p>\n<p>\u201cEstamos tratando de acercar a las coincidencias y tratando de revertir las cosas que nos diferencia\u201d. \u00a0\u201cSi un d\u00eda tiene que haber internas eso es sano, no hay que tenerle miedo pero hoy por hoy la realidad es esta. Me siento contento porque estamos trabajando en equipo que es lo que m\u00e1s se visualiza y trae mejores resultados\u201d, explic\u00f3 Tognola.<\/p>\n<p><strong>REUNI\u00d3N CON EL VICEPRESIDENTE DE LA UCR<\/strong><\/p>\n<p>El pasado viernes, en la casa partidaria de la UCR de Esquina, estuvieron reunidos con el vicepresidente del partido del Comit\u00e9 Central \u2013 el diputado H\u00e9ctor \u201cTito\u201d L\u00f3pez, &#8211; y les entregaron una nota pidiendo un lugar saliente para un diputado o senador de Esquina. \u00a0\u201cCreo que merecemos un rol m\u00e1s activo en la esfera provincial\u201d, dijo.<\/p>\n<p><strong>ELECCIONES<\/strong><\/p>\n<p>En cuanto a los acuerdos electorales, destac\u00f3 que en las elecciones del 2 de junio van a estar trabajando juntos \u201cpara que Eco haga muy buena elecci\u00f3n y fortalezca la gesti\u00f3n de Gustavo Vald\u00e9s\u201d. Despu\u00e9s de las provinciales reci\u00e9n van a comenzar las conversaciones por los espacios en las grilla de concejales de Eco, para las elecciones de octubre.<\/p>\n","protected":false},"excerpt":{"rendered":"<p>Armando Javier Tognola, el presidente departamental de la Uni\u00f3n C\u00edvica Radical de Esquina, habl\u00f3 con FM Del R\u00edo y se mostr\u00f3 conforme por haber llegado a un consenso de todos los sectores de la UCR. Y subray\u00f3 \u201ctodos los partidos pol\u00edticos tienen problemas, no hay que esconderlo bajo la alfombra. Quien dice que no tiene [&hellip;]<\/p>\n","protected":false},"author":1,"featured_media":26523,"comment_status":"closed","ping_status":"closed","sticky":false,"template":"","format":"standard","meta":{"footnotes":""},"categories":[6,9],"tags":[],"class_list":["post-26520","post","type-post","status-publish","format-standard","has-post-thumbnail","hentry","category-locales","category-politica"],"_links":{"self":[{"href":"http:\/\/informateesquina.com\/index.php?rest_route=\/wp\/v2\/posts\/26520","targetHints":{"allow":["GET"]}}],"collection":[{"href":"http:\/\/informateesquina.com\/index.php?rest_route=\/wp\/v2\/posts"}],"about":[{"href":"http:\/\/informateesquina.com\/index.php?rest_route=\/wp\/v2\/types\/post"}],"author":[{"embeddable":true,"href":"http:\/\/informateesquina.com\/index.php?rest_route=\/wp\/v2\/users\/1"}],"replies":[{"embeddable":true,"href":"http:\/\/informateesquina.com\/index.php?rest_route=%2Fwp%2Fv2%2Fcomments&post=26520"}],"version-history":[{"count":0,"href":"http:\/\/informateesquina.com\/index.php?rest_route=\/wp\/v2\/posts\/26520\/revisions"}],"wp:featuredmedia":[{"embeddable":true,"href":"http:\/\/informateesquina.com\/index.php?rest_route=\/wp\/v2\/media\/26523"}],"wp:attachment":[{"href":"http:\/\/informateesquina.com\/index.php?rest_route=%2Fwp%2Fv2%2Fmedia&parent=26520"}],"wp:term":[{"taxonomy":"category","embeddable":true,"href":"http:\/\/informateesquina.com\/index.php?rest_route=%2Fwp%2Fv2%2Fcategories&post=26520"},{"taxonomy":"post_tag","embeddable":true,"href":"http:\/\/informateesquina.com\/index.php?rest_route=%2Fwp%2Fv2%2Ftags&post=26520"}],"curies":[{"name":"wp","href":"https:\/\/api.w.org\/{rel}","templated":true}]}}