{"id":26525,"date":"2019-03-26T18:32:18","date_gmt":"2019-03-26T21:32:18","guid":{"rendered":"https:\/\/informateesquina.com\/?p=26525"},"modified":"2019-03-26T18:32:18","modified_gmt":"2019-03-26T21:32:18","slug":"nunca-es-tarde-a-los-36-anos-german-lux-termino-el-colegio-secundario-en-el-instituto-de-river","status":"publish","type":"post","link":"http:\/\/informateesquina.com\/?p=26525","title":{"rendered":"Nunca es tarde: a los 36 a\u00f1os, Germ\u00e1n Lux termin\u00f3 el colegio secundario en el Instituto de River"},"content":{"rendered":"<p>Debido a la demora no quiere que lo tomen como ejemplo, pero el esmero se valora. Un esfuerzo que tuvo su premio. A los 36 a\u00f1os, Germ\u00e1n Lux se dio el gran gusto de terminar el colegio secundario en el Instituto de River Plate. &#8220;Estoy contento, pero no orgulloso de que hayan pasado tantos a\u00f1os para terminar algo tan importante. Me lo deb\u00eda, quer\u00eda hacerlo, viv\u00ed mucho tiempo afuera y hoy me pone feliz&#8221;, expres\u00f3 el santafesino.<\/p>\n<p>&nbsp;<\/p>\n<p>El arquero hab\u00eda dejado el \u00faltimo tramo de la secundaria cuando empez\u00f3 a jugar en primera y los viajes que emprendi\u00f3 en su larga trayectoria le complicaron la cursada. Pero en estos d\u00edas rindi\u00f3 los \u00faltimos ex\u00e1menes y se llev\u00f3 el t\u00edtulo. Nunca es tarde para volver a los libros.<\/p>\n<p>&nbsp;<\/p>\n<p>&nbsp;<\/p>\n<p>&nbsp;<\/p>\n<p>Con 102 partidos como titular en la primera de River, Lux est\u00e1 casado con Natalia Forchino, con quien tuvo a sus hijos, Tom\u00e1s y Francisco. &#8220;La palabra egresado es fuerte, estoy contento. Si el d\u00eda de ma\u00f1ana mis chicos me lo preguntan les podr\u00e9 decir que termin\u00e9 el colegio&#8221;, a\u00f1adi\u00f3 con una sonrisa.<\/p>\n<p>&nbsp;<\/p>\n<p>Formado en las divisiones inferiores de la entidad de N\u00fa\u00f1ez, Lux debut\u00f3 en primera divisi\u00f3n el 10 de febrero de 2002, en el triunfo por 3-1 contra Talleres en el Monumental. &#8220;La educaci\u00f3n es la clave para formarse como profesional, pero sobre todo como persona. Siempre se puede&#8221;, afirm\u00f3 el futbolista oriundo de Carcara\u00f1\u00e1.<\/p>\n<p>&nbsp;<\/p>\n<p>Lux recibi\u00f3 las felicitaciones de la entidad millonaria a trav\u00e9s de las redes sociales y habl\u00f3 acerca de la necesidad de tener los estudios secundarios completos. &#8220;Es importante porque a partir de ahora si quiero realizar alguna otra actividad, otra carrera u otro estudio es obligatorio tener el secundario hecho&#8221;, remarc\u00f3.<\/p>\n<p>&nbsp;<\/p>\n<p>&nbsp;<\/p>\n<p>Lux asegur\u00f3 que cuando \u00e9l era muy chico el colegio resultaba un tema de charla permanente en su familia. En cada mesa, en cada ronda de mate, en cada comida. As\u00ed, ante sus padres, el arquero se preguntaba si era una obligaci\u00f3n culminar la secundaria. &#8220;Eran otras \u00e9pocas, varias d\u00e9cadas atr\u00e1s mi pap\u00e1 se fue a trabajar al campo a los 13 a\u00f1os&#8221;, dice.<\/p>\n<p>&nbsp;<\/p>\n<p>Campe\u00f3n mundial Sub-20 en Argentina 2001 y campe\u00f3n ol\u00edmpico en Atenas 2004, Lux tuvo un primer paso en River de 2002 a 2006 antes de regresar en 2017. Su desembarco europeo se produjo en Mallorca, donde altern\u00f3 entre la titularidad y el banco de suplentes, y luego pas\u00f3 al Deportivo La Coru\u00f1a, donde fue titular en las \u00faltimas tres temporadas antes de emprender la vuelta a la Argentina. &#8220;River es mi lugar. Esta es mi casa, yo hab\u00eda cursado ac\u00e1 en cuarto y quinto a\u00f1o. El tema de tantos viajes por el interior del pa\u00eds no debi\u00f3 haber sido una excusa. El Instituto te otorga muchas posibilidades, a todos los chicos de la pensi\u00f3n les brinda facilidades. Es algo importante para las familias porque los chicos permanecen dentro del per\u00edmetro de la instituci\u00f3n y les aporta tranquilidad. Es una obligaci\u00f3n estudiar, es primordial&#8221;, finaliz\u00f3 Lux.<\/p>\n<p>&nbsp;<\/p>\n","protected":false},"excerpt":{"rendered":"<p>Debido a la demora no quiere que lo tomen como ejemplo, pero el esmero se valora. Un esfuerzo que tuvo su premio. A los 36 a\u00f1os, Germ\u00e1n Lux se dio el gran gusto de terminar el colegio secundario en el Instituto de River Plate. &#8220;Estoy contento, pero no orgulloso de que hayan pasado tantos a\u00f1os [&hellip;]<\/p>\n","protected":false},"author":1,"featured_media":26526,"comment_status":"closed","ping_status":"closed","sticky":false,"template":"","format":"standard","meta":{"footnotes":""},"categories":[3,11],"tags":[],"class_list":["post-26525","post","type-post","status-publish","format-standard","has-post-thumbnail","hentry","category-deportes","category-sociedad"],"_links":{"self":[{"href":"http:\/\/informateesquina.com\/index.php?rest_route=\/wp\/v2\/posts\/26525","targetHints":{"allow":["GET"]}}],"collection":[{"href":"http:\/\/informateesquina.com\/index.php?rest_route=\/wp\/v2\/posts"}],"about":[{"href":"http:\/\/informateesquina.com\/index.php?rest_route=\/wp\/v2\/types\/post"}],"author":[{"embeddable":true,"href":"http:\/\/informateesquina.com\/index.php?rest_route=\/wp\/v2\/users\/1"}],"replies":[{"embeddable":true,"href":"http:\/\/informateesquina.com\/index.php?rest_route=%2Fwp%2Fv2%2Fcomments&post=26525"}],"version-history":[{"count":0,"href":"http:\/\/informateesquina.com\/index.php?rest_route=\/wp\/v2\/posts\/26525\/revisions"}],"wp:featuredmedia":[{"embeddable":true,"href":"http:\/\/informateesquina.com\/index.php?rest_route=\/wp\/v2\/media\/26526"}],"wp:attachment":[{"href":"http:\/\/informateesquina.com\/index.php?rest_route=%2Fwp%2Fv2%2Fmedia&parent=26525"}],"wp:term":[{"taxonomy":"category","embeddable":true,"href":"http:\/\/informateesquina.com\/index.php?rest_route=%2Fwp%2Fv2%2Fcategories&post=26525"},{"taxonomy":"post_tag","embeddable":true,"href":"http:\/\/informateesquina.com\/index.php?rest_route=%2Fwp%2Fv2%2Ftags&post=26525"}],"curies":[{"name":"wp","href":"https:\/\/api.w.org\/{rel}","templated":true}]}}