{"id":26532,"date":"2019-03-26T21:21:48","date_gmt":"2019-03-27T00:21:48","guid":{"rendered":"https:\/\/informateesquina.com\/?p=26532"},"modified":"2019-03-26T21:21:48","modified_gmt":"2019-03-27T00:21:48","slug":"es-feriado-puente-el-lunes-1o-de-abril","status":"publish","type":"post","link":"http:\/\/informateesquina.com\/?p=26532","title":{"rendered":"\u00bfEs feriado puente el lunes 1\u00ba de abril?"},"content":{"rendered":"<p class=\"capital\">El pr\u00f3ximo martes 2 de abril ser\u00e1 feriado, como todos los a\u00f1os, por el D\u00eda del Veterano y de los Ca\u00eddos en la Guerra de Malvinas.<\/p>\n<p>Como cae martes, muchos comenzaron a especular con la posibilidad de que el gobierno dispusiera un feriado puente el lunes 1\u00ba, para as\u00ed tener cuatro d\u00edas seguidos no laborables.<\/p>\n<p>Pero nada de esto ocurri\u00f3, por lo que el lunes ser\u00e1 laborable. Para un fin de semana largo habr\u00e1 que esperar a los feriados de Semana Santa, que este a\u00f1o caen el jueves 18 y el viernes 19 de abril.<\/p>\n","protected":false},"excerpt":{"rendered":"<p>El pr\u00f3ximo martes 2 de abril ser\u00e1 feriado, como todos los a\u00f1os, por el D\u00eda del Veterano y de los Ca\u00eddos en la Guerra de Malvinas. Como cae martes, muchos comenzaron a especular con la posibilidad de que el gobierno dispusiera un feriado puente el lunes 1\u00ba, para as\u00ed tener cuatro d\u00edas seguidos no laborables. [&hellip;]<\/p>\n","protected":false},"author":1,"featured_media":26533,"comment_status":"closed","ping_status":"closed","sticky":false,"template":"","format":"standard","meta":{"footnotes":""},"categories":[7,11],"tags":[],"class_list":["post-26532","post","type-post","status-publish","format-standard","has-post-thumbnail","hentry","category-nacionales","category-sociedad"],"_links":{"self":[{"href":"http:\/\/informateesquina.com\/index.php?rest_route=\/wp\/v2\/posts\/26532","targetHints":{"allow":["GET"]}}],"collection":[{"href":"http:\/\/informateesquina.com\/index.php?rest_route=\/wp\/v2\/posts"}],"about":[{"href":"http:\/\/informateesquina.com\/index.php?rest_route=\/wp\/v2\/types\/post"}],"author":[{"embeddable":true,"href":"http:\/\/informateesquina.com\/index.php?rest_route=\/wp\/v2\/users\/1"}],"replies":[{"embeddable":true,"href":"http:\/\/informateesquina.com\/index.php?rest_route=%2Fwp%2Fv2%2Fcomments&post=26532"}],"version-history":[{"count":0,"href":"http:\/\/informateesquina.com\/index.php?rest_route=\/wp\/v2\/posts\/26532\/revisions"}],"wp:featuredmedia":[{"embeddable":true,"href":"http:\/\/informateesquina.com\/index.php?rest_route=\/wp\/v2\/media\/26533"}],"wp:attachment":[{"href":"http:\/\/informateesquina.com\/index.php?rest_route=%2Fwp%2Fv2%2Fmedia&parent=26532"}],"wp:term":[{"taxonomy":"category","embeddable":true,"href":"http:\/\/informateesquina.com\/index.php?rest_route=%2Fwp%2Fv2%2Fcategories&post=26532"},{"taxonomy":"post_tag","embeddable":true,"href":"http:\/\/informateesquina.com\/index.php?rest_route=%2Fwp%2Fv2%2Ftags&post=26532"}],"curies":[{"name":"wp","href":"https:\/\/api.w.org\/{rel}","templated":true}]}}