{"id":26536,"date":"2019-03-26T21:28:02","date_gmt":"2019-03-27T00:28:02","guid":{"rendered":"https:\/\/informateesquina.com\/?p=26536"},"modified":"2019-03-26T21:28:02","modified_gmt":"2019-03-27T00:28:02","slug":"el-gobernador-valdes-saludo-a-los-reyes-de-espana-con-expectativas-de-traer-inversiones-a-corrientes","status":"publish","type":"post","link":"http:\/\/informateesquina.com\/?p=26536","title":{"rendered":"El gobernador Vald\u00e9s salud\u00f3 a los Reyes de Espa\u00f1a con expectativas de traer inversiones a Corrientes"},"content":{"rendered":"<p class=\"x_MsoNormal\" style=\"text-align: center;\"><strong><em>El gobernador Gustavo Vald\u00e9s asisti\u00f3 invitado este lunes a la Comida de Honor ofrecida a los Reyes de Espa\u00f1a, Felipe VI y Letizia Ortiz, la cual tuvo lugar en la Galer\u00eda del Sal\u00f3n de los Escudos del Centro Cultural Kirchner (CCK). En la recepci\u00f3n del encuentro al que asistieron altas autoridades, se cumpli\u00f3 con el saludo protocolar, durante el cual el Mandatario correntino estrech\u00f3 la mano de los agasajados y transmiti\u00f3 sus expectativas de que empresarios espa\u00f1oles profundicen inversiones energ\u00e9ticas en Corrientes.<\/em><\/strong><\/p>\n<p>&nbsp;<\/p>\n<p class=\"x_MsoNormal\">Antes de iniciar la cena, el presidente Mauricio Macri expres\u00f3 unas palabras de bienvenida, durante las cuales asegur\u00f3 que &#8220;en pocos meses los argentinos vamos a despejar todas las dudas que existen en el mundo&#8221; sobre el rumbo futuro del pa\u00eds y se\u00f1al\u00f3 que eso contribuir\u00e1 a que &#8220;much\u00edsimas m\u00e1s empresas espa\u00f1olas vengan a trabajar en conjunto con nuestras empresas para desarrollar proyectos en beneficio de ambos pa\u00edses y comunidades&#8221;.<\/p>\n<p class=\"x_MsoNormal\">En tanto, consultado por la prensa este martes, Vald\u00e9s detall\u00f3 que como parte de la agenda que involucra la visita de Reyes de Espa\u00f1a, &#8220;en el d\u00eda de hoy va a haber una ronda de empresarios, donde se va a estar hablando de varios puntos en com\u00fan y vamos a ver si hay oportunidades de traer inversiones en energ\u00eda, sobre lo cual los espa\u00f1oles est\u00e1n muy avanzados, porque hay un compromiso del Gobierno espa\u00f1ol de avanzar junto al Gobierno argentino para invertir y comenzar a mejorar las relaciones que se vieron interrumpidas hace un tiempo por lo que todos conocemos que pas\u00f3 con Repsol-YPF, y que ahora podemos entablar conversaciones&#8221;.<\/p>\n<p class=\"x_MsoNormal\">En ese marco, Vald\u00e9s destac\u00f3 &#8220;la inversi\u00f3n danesa en Santo Tom\u00e9 en materia de energ\u00eda a partir de biomasa, aparte de la espa\u00f1ola que tenemos en Santa Rosa, cuyos proyectos pudimos presentar teniendo una deferencia hacia Corrientes&#8221;.<\/p>\n","protected":false},"excerpt":{"rendered":"<p>El gobernador Gustavo Vald\u00e9s asisti\u00f3 invitado este lunes a la Comida de Honor ofrecida a los Reyes de Espa\u00f1a, Felipe VI y Letizia Ortiz, la cual tuvo lugar en la Galer\u00eda del Sal\u00f3n de los Escudos del Centro Cultural Kirchner (CCK). En la recepci\u00f3n del encuentro al que asistieron altas autoridades, se cumpli\u00f3 con el [&hellip;]<\/p>\n","protected":false},"author":1,"featured_media":26540,"comment_status":"closed","ping_status":"closed","sticky":false,"template":"","format":"standard","meta":{"footnotes":""},"categories":[10],"tags":[136],"class_list":["post-26536","post","type-post","status-publish","format-standard","has-post-thumbnail","hentry","category-provinciales","tag-destacados"],"_links":{"self":[{"href":"http:\/\/informateesquina.com\/index.php?rest_route=\/wp\/v2\/posts\/26536","targetHints":{"allow":["GET"]}}],"collection":[{"href":"http:\/\/informateesquina.com\/index.php?rest_route=\/wp\/v2\/posts"}],"about":[{"href":"http:\/\/informateesquina.com\/index.php?rest_route=\/wp\/v2\/types\/post"}],"author":[{"embeddable":true,"href":"http:\/\/informateesquina.com\/index.php?rest_route=\/wp\/v2\/users\/1"}],"replies":[{"embeddable":true,"href":"http:\/\/informateesquina.com\/index.php?rest_route=%2Fwp%2Fv2%2Fcomments&post=26536"}],"version-history":[{"count":0,"href":"http:\/\/informateesquina.com\/index.php?rest_route=\/wp\/v2\/posts\/26536\/revisions"}],"wp:featuredmedia":[{"embeddable":true,"href":"http:\/\/informateesquina.com\/index.php?rest_route=\/wp\/v2\/media\/26540"}],"wp:attachment":[{"href":"http:\/\/informateesquina.com\/index.php?rest_route=%2Fwp%2Fv2%2Fmedia&parent=26536"}],"wp:term":[{"taxonomy":"category","embeddable":true,"href":"http:\/\/informateesquina.com\/index.php?rest_route=%2Fwp%2Fv2%2Fcategories&post=26536"},{"taxonomy":"post_tag","embeddable":true,"href":"http:\/\/informateesquina.com\/index.php?rest_route=%2Fwp%2Fv2%2Ftags&post=26536"}],"curies":[{"name":"wp","href":"https:\/\/api.w.org\/{rel}","templated":true}]}}