{"id":26537,"date":"2019-03-26T21:25:47","date_gmt":"2019-03-27T00:25:47","guid":{"rendered":"https:\/\/informateesquina.com\/?p=26537"},"modified":"2019-03-26T21:25:47","modified_gmt":"2019-03-27T00:25:47","slug":"un-veterano-de-malvinas-y-exfutbolista-quedo-detenido-en-las-islas-por-una-bandera-argentina-e-insultos","status":"publish","type":"post","link":"http:\/\/informateesquina.com\/?p=26537","title":{"rendered":"Un veterano de Malvinas y exfutbolista qued\u00f3 detenido en las islas por una bandera argentina e insultos"},"content":{"rendered":"<div class=\"cuerpo\">\n<p>Luis Alberto Escobedo es un ex futbolista\u00a0que naci\u00f3 en Santiago del Estero hace 57 a\u00f1os. Pas\u00f3 por muchos equipos del f\u00fatbol argentino. Del ascenso (Los Andes, Temperley y Dock Sud). De Primera Divisi\u00f3n (V\u00e9lez, Belgrano de C\u00f3rdoba y Col\u00f3n). Y hasta jug\u00f3 en el exterior (Santiago Wanderers, de Chile). Pero un hecho no deportivo marc\u00f3 su vida para siempre.<\/p>\n<p><a class=\"fotos-desarrollo unlink\" title=\"Ex futbolista detenido en Malvinas por mostrar la bandera argentina\" href=\"http:\/\/www.radiosudamericana.com\/notix\/multimedia\/imagenes\/fotos\/2019-03-26\/404439.jpg\"><img decoding=\"async\" class=\"img-responsive\" src=\"http:\/\/www.radiosudamericana.com\/notix\/multimedia\/imagenes\/fotos\/2019-03-26\/404439.jpg\" \/><\/a><\/p>\n<p>Es que, m\u00e1s all\u00e1 de su experiencia\u00a0como futbolista, la Guerra de Malvinas\u00a0le dej\u00f3 una marca imborrable. A\u00a0los 19 a\u00f1os -mientras hac\u00eda el servicio militar- fue trasladado a las Islas y combati\u00f3 contra las fuerzas brit\u00e1nicas.\u00a0Nunca olvid\u00f3 esos d\u00edas terribles.<\/p>\n<p><a class=\"fotos-desarrollo unlink\" title=\"Ex futbolista detenido en Malvinas por mostrar la bandera argentina\" href=\"http:\/\/www.radiosudamericana.com\/notix\/multimedia\/imagenes\/fotos\/2019-03-26\/982337.jpg\"><img decoding=\"async\" class=\"img-responsive\" src=\"http:\/\/www.radiosudamericana.com\/notix\/multimedia\/imagenes\/fotos\/2019-03-26\/982337.jpg\" \/><\/a><\/p>\n<p>Por eso, siempre expresa sus vivencias y est\u00e1 presente en toda recordaci\u00f3n.\u00a0La semana pasada viaj\u00f3 por tercera vez consecutiva a las Malvinas, junto a otros siete ex combatientes que regresaban por primera vez a ese territorio.\u00a0La intenci\u00f3n era rendirle homenaje a los soldados argentinos que fallecieron en la guerra<\/p>\n<p><a class=\"fotos-desarrollo unlink\" title=\"Ex futbolista detenido en Malvinas por mostrar la bandera argentina\" href=\"http:\/\/www.radiosudamericana.com\/notix\/multimedia\/imagenes\/fotos\/2019-03-26\/579355.jpg\"><img decoding=\"async\" class=\"img-responsive\" src=\"http:\/\/www.radiosudamericana.com\/notix\/multimedia\/imagenes\/fotos\/2019-03-26\/579355.jpg\" \/><\/a><\/p>\n<p>&#8220;El martes pasado fuimos al Cementerio de Darwin, que est\u00e1 en una zona inh\u00f3spita y des\u00e9rtica,\u00a0a unos 60 km de la ciudad. Hicimos un minuto de silencio y despu\u00e9s cantamos el Himno argentino y lanzamos frases como\u00a0\u00a1Viva la Patria!&#8230; Adem\u00e1s, exhib\u00ed una bandera que llevo siempre con la imagen de las Islas y\u00a0la frase\u00a0Territorio Argentino. En ese momento estaba en el cementerio un periodista austr\u00edaco que hab\u00eda llegado en un auto manejado por un kelper, que nos miraba atentamente&#8221;,\u00a0le cont\u00f3\u00a0Escobedo a\u00a0Clar\u00edn, quien regres\u00f3 a Buenos Aires este domingo.<\/p>\n<p><a class=\"fotos-desarrollo unlink\" title=\"Ex futbolista detenido en Malvinas por mostrar la bandera argentina\" href=\"http:\/\/www.radiosudamericana.com\/notix\/multimedia\/imagenes\/fotos\/2019-03-26\/701266.jpg\"><img decoding=\"async\" class=\"img-responsive\" src=\"http:\/\/www.radiosudamericana.com\/notix\/multimedia\/imagenes\/fotos\/2019-03-26\/701266.jpg\" \/><\/a><\/p>\n<p>La sorpresa llegar\u00eda al d\u00eda siguiente, mientras Escobedo y sus compa\u00f1eros dorm\u00edan. &#8220;Bien temprano vino la policia y, pieza por pieza,\u00a0nos sacaron los pasaportes, los celulares, las c\u00e1maras de foto, la ropa y otras cosas personales. Nos tuvieron detenidos dos d\u00edas y\u00a0nos trataron como si fu\u00e9semos delincuentes.\u00a0Nos tomaron las impresiones digitales y nos sacaron fotos de frente y de perfil. Todo porque el chofer kelper nos hab\u00eda denunciado\u00a0por &#8220;ofensas e insultos&#8221;. Pero nada que ver, solamente honramos la memoria de los nuestros sin ofender a nadie&#8221;, dice, a\u00fan conmovido, el ex futbolista.<\/p>\n<p><a class=\"fotos-desarrollo unlink\" title=\"Ex futbolista detenido en Malvinas por mostrar la bandera argentina\" href=\"http:\/\/www.radiosudamericana.com\/notix\/multimedia\/imagenes\/fotos\/2019-03-26\/965162.jpg\"><img decoding=\"async\" class=\"img-responsive\" src=\"http:\/\/www.radiosudamericana.com\/notix\/multimedia\/imagenes\/fotos\/2019-03-26\/965162.jpg\" \/><\/a><\/p>\n<p>&#8220;Despues de declarar durante esos dos d\u00edas, y con la incertidumbre de que pod\u00edamos seguir presos m\u00e1s tiempo, nos absolvieron.\u00a0El juez desech\u00f3 la denuncia, pero vivimos una situaci\u00f3n muy tensa&#8221;, relat\u00f3\u00a0el ex futbolista que actualmente juega en el equipo Senior de Temperley y en la Selecci\u00f3n Argentina de mayores de 50 a\u00f1os.<\/p>\n<p>La bandera de Escobedo fue uno de los elementos secuestrados y el ex defensor la recuper\u00f3 mostrando la misma intensidad que en su etapa de futbolista.\u00a0&#8220;Los ingleses, no lo kelpers, entendieron que la bandera es sagrada. Como militares lo comprendieron&#8221;, manifest\u00f3.<\/p>\n<p>Aclara Escobedo que &#8220;los militares ingleses nos entendieron y no dieron la raz\u00f3n y hasta aconsejaron que el Gobierno argentino deber\u00eda hablar con los kelpers para que bajen los decibeles. Por suerte termin\u00f3 todo bien, pero esto no tiene que pasar m\u00e1s. Queremos que no vuelva a ocurrir y\u00a0que otros argentinos que vengan no tengan que pasar lo mismo que nosotros&#8221;.<\/p>\n<\/div>\n<div align=\"center\"><\/div>\n","protected":false},"excerpt":{"rendered":"<p>Luis Alberto Escobedo es un ex futbolista\u00a0que naci\u00f3 en Santiago del Estero hace 57 a\u00f1os. Pas\u00f3 por muchos equipos del f\u00fatbol argentino. Del ascenso (Los Andes, Temperley y Dock Sud). De Primera Divisi\u00f3n (V\u00e9lez, Belgrano de C\u00f3rdoba y Col\u00f3n). Y hasta jug\u00f3 en el exterior (Santiago Wanderers, de Chile). Pero un hecho no deportivo marc\u00f3 [&hellip;]<\/p>\n","protected":false},"author":1,"featured_media":26538,"comment_status":"closed","ping_status":"closed","sticky":false,"template":"","format":"standard","meta":{"footnotes":""},"categories":[7],"tags":[],"class_list":["post-26537","post","type-post","status-publish","format-standard","has-post-thumbnail","hentry","category-nacionales"],"_links":{"self":[{"href":"http:\/\/informateesquina.com\/index.php?rest_route=\/wp\/v2\/posts\/26537","targetHints":{"allow":["GET"]}}],"collection":[{"href":"http:\/\/informateesquina.com\/index.php?rest_route=\/wp\/v2\/posts"}],"about":[{"href":"http:\/\/informateesquina.com\/index.php?rest_route=\/wp\/v2\/types\/post"}],"author":[{"embeddable":true,"href":"http:\/\/informateesquina.com\/index.php?rest_route=\/wp\/v2\/users\/1"}],"replies":[{"embeddable":true,"href":"http:\/\/informateesquina.com\/index.php?rest_route=%2Fwp%2Fv2%2Fcomments&post=26537"}],"version-history":[{"count":0,"href":"http:\/\/informateesquina.com\/index.php?rest_route=\/wp\/v2\/posts\/26537\/revisions"}],"wp:featuredmedia":[{"embeddable":true,"href":"http:\/\/informateesquina.com\/index.php?rest_route=\/wp\/v2\/media\/26538"}],"wp:attachment":[{"href":"http:\/\/informateesquina.com\/index.php?rest_route=%2Fwp%2Fv2%2Fmedia&parent=26537"}],"wp:term":[{"taxonomy":"category","embeddable":true,"href":"http:\/\/informateesquina.com\/index.php?rest_route=%2Fwp%2Fv2%2Fcategories&post=26537"},{"taxonomy":"post_tag","embeddable":true,"href":"http:\/\/informateesquina.com\/index.php?rest_route=%2Fwp%2Fv2%2Ftags&post=26537"}],"curies":[{"name":"wp","href":"https:\/\/api.w.org\/{rel}","templated":true}]}}