{"id":26550,"date":"2019-03-27T09:23:13","date_gmt":"2019-03-27T12:23:13","guid":{"rendered":"https:\/\/informateesquina.com\/?p=26550"},"modified":"2019-03-27T09:23:13","modified_gmt":"2019-03-27T12:23:13","slug":"la-trans-goyana-mery-ferrero-en-emotiva-entrevista-con-lanata-ahora-vivo-feliz","status":"publish","type":"post","link":"http:\/\/informateesquina.com\/?p=26550","title":{"rendered":"La goyana Mery Ferrero, en emotiva entrevista con Lanata: &#8220;Ahora vivo feliz&#8221;"},"content":{"rendered":"<p><em><strong>Mery Ferrero es una influencer trans, oriunda de Goya, quien este martes estuvo como invitada en el programa Hora 25, conducido por el periodista Jorge Lanata y que se transmite por el canal Todo Noticias (TN). En la misma y en el marco de un clima emotivo, expres\u00f3 que &#8220;ahora vivo feliz&#8221;, ya que &#8220;la decisi\u00f3n m\u00e1s importante de mi vida fue haberme operado&#8221;.<\/strong><\/em><\/p>\n<p>&nbsp;<\/p>\n<p>&#8220;Ahora vivo feliz cuando voy a Goya, me siento libre&#8221;, manifest\u00f3. &#8220;Yo se que estar en la televis\u00f3n me traer\u00e1 cosas positivas y negativas&#8221;, agreg\u00f3.<\/p>\n<p>La correntina sorprendi\u00f3 con su relato sobre las situaciones que padeci\u00f3 en la Provincia. &#8220;A veces me gritan cosas, pero lo tomo normal&#8221;, indic\u00f3 en el programa de Lanata.<\/p>\n<p>El periodista regres\u00f3 a la televisi\u00f3n con el estreno de Hora 25, que va de lunes a jueves a las 23 horas por TN. El ciclo consiste en entrevistas a &#8220;gente com\u00fan&#8221; porque, sostiene, &#8220;todos tenemos una historia para contar&#8221;.<\/p>\n<p>Debut\u00f3 con un entrevistado singular: el propio Lanata, que se puso frente a un espejo y habl\u00f3 de su historia personal. Adem\u00e1s, a la medianoche, se convirti\u00f3 en tendencia nacional por Twitter; la\u00a0reacci\u00f3n de los usuarios no se hizo esperar y gener\u00f3 emotivas reacciones.<\/p>\n<p>&nbsp;<\/p>\n<p>FUENTE: Radio Dos<\/p>\n","protected":false},"excerpt":{"rendered":"<p>Mery Ferrero es una influencer trans, oriunda de Goya, quien este martes estuvo como invitada en el programa Hora 25, conducido por el periodista Jorge Lanata y que se transmite por el canal Todo Noticias (TN). En la misma y en el marco de un clima emotivo, expres\u00f3 que &#8220;ahora vivo feliz&#8221;, ya que &#8220;la [&hellip;]<\/p>\n","protected":false},"author":1,"featured_media":26554,"comment_status":"closed","ping_status":"closed","sticky":false,"template":"","format":"standard","meta":{"footnotes":""},"categories":[4],"tags":[136],"class_list":["post-26550","post","type-post","status-publish","format-standard","has-post-thumbnail","hentry","category-espectaculos","tag-destacados"],"_links":{"self":[{"href":"http:\/\/informateesquina.com\/index.php?rest_route=\/wp\/v2\/posts\/26550","targetHints":{"allow":["GET"]}}],"collection":[{"href":"http:\/\/informateesquina.com\/index.php?rest_route=\/wp\/v2\/posts"}],"about":[{"href":"http:\/\/informateesquina.com\/index.php?rest_route=\/wp\/v2\/types\/post"}],"author":[{"embeddable":true,"href":"http:\/\/informateesquina.com\/index.php?rest_route=\/wp\/v2\/users\/1"}],"replies":[{"embeddable":true,"href":"http:\/\/informateesquina.com\/index.php?rest_route=%2Fwp%2Fv2%2Fcomments&post=26550"}],"version-history":[{"count":0,"href":"http:\/\/informateesquina.com\/index.php?rest_route=\/wp\/v2\/posts\/26550\/revisions"}],"wp:featuredmedia":[{"embeddable":true,"href":"http:\/\/informateesquina.com\/index.php?rest_route=\/wp\/v2\/media\/26554"}],"wp:attachment":[{"href":"http:\/\/informateesquina.com\/index.php?rest_route=%2Fwp%2Fv2%2Fmedia&parent=26550"}],"wp:term":[{"taxonomy":"category","embeddable":true,"href":"http:\/\/informateesquina.com\/index.php?rest_route=%2Fwp%2Fv2%2Fcategories&post=26550"},{"taxonomy":"post_tag","embeddable":true,"href":"http:\/\/informateesquina.com\/index.php?rest_route=%2Fwp%2Fv2%2Ftags&post=26550"}],"curies":[{"name":"wp","href":"https:\/\/api.w.org\/{rel}","templated":true}]}}