{"id":26558,"date":"2019-03-27T09:46:40","date_gmt":"2019-03-27T12:46:40","guid":{"rendered":"https:\/\/informateesquina.com\/?p=26558"},"modified":"2019-03-27T09:46:40","modified_gmt":"2019-03-27T12:46:40","slug":"muerte-en-el-arroyo-guazu-pediran-la-excarcelacion-de-dos-policias-procesados","status":"publish","type":"post","link":"http:\/\/informateesquina.com\/?p=26558","title":{"rendered":"Muerte en el Arroyo Guaz\u00fa: Pedir\u00e1n la excarcelaci\u00f3n de dos Polic\u00edas procesados"},"content":{"rendered":"<p>El doctor Jorge Monti, abogado de los dos Polic\u00edas, Axon y Romero, procesados por homicidio culposo, por la muerte del misionero Rogelio Schweig,quien cay\u00f3 del puente sobre arroyo Guaz\u00fa, afirm\u00f3 que presentar\u00e1 el pedido de excarcelaci\u00f3n de ambos hasta el d\u00eda del debate. Adem\u00e1s, remarc\u00f3 que la investigaci\u00f3n es insuficiente, y se\u00f1al\u00f3 que \u201cle suger\u00ed a su se\u00f1or\u00eda para que se citara a las autoridades jer\u00e1rquicas sobre todo de Vialidad Nacional y con mucha liviandad se hicieron una serie de oficios sugeridos\u201d. \u201cCortar el hilo por lo m\u00e1s fino es de una injusticia, arbitrariedad y de una obstrucci\u00f3n en la investigaci\u00f3n, terrible\u201d destac\u00f3.<\/p>\n<p>El doctor Monti expuso que \u201chemos tomado con mucha sorpresa esta resoluci\u00f3n de la justicia por homicidio culposo, estoy por tomar conocimiento de este procesamiento, esta defensa era la \u00fanica que interven\u00eda por la imputaci\u00f3n previa de estos dos Polic\u00edas. Yo le dije a su se\u00f1or\u00eda que faltaban actos instructorios para llegar a la verdad del caso sobre todo para saber la cadena de mando en el procedimiento de ese d\u00eda\u201d.<\/p>\n<p>\u201cPero nada de eso ocurri\u00f3, le suger\u00ed a su se\u00f1or\u00eda para que se citara a las autoridades jer\u00e1rquicas sobre todo a las autoridades de Vialidad Nacional y con mucha liviandad se hicieron una serie de oficios sugeridos, que inclusive agravan la situaci\u00f3n de la l\u00ednea jer\u00e1rquica, porque responden evasivamente y hoy aparece este auto de procesamiento. Entendiendo que la guerra la pierden los generales y no los soldados, entendiendo que a trav\u00e9s de ordenes jer\u00e1rquicas se deb\u00eda realizar las acciones preventivas sobre el camino hacia el puente\u201d sostuvo.<\/p>\n<p>Adem\u00e1s, el letrado manifest\u00f3 que \u201cel cabo primero y cabo frente de tropa, estaban sobre la garita en ruta N\u00ba 12 a 2 kil\u00f3metros antes del puente ca\u00eddo, sin ning\u00fan elemento exterior que le permitiera interrumpir el paso de la ruta, de tal manera que la acompa\u00f1ante del fallecido manifiesta que desde Corrientes Capital hasta que cay\u00f3 la camioneta nadie le advirti\u00f3 nada, ning\u00fan tipo de interrupci\u00f3n sobre la ruta\u201d.<\/p>\n<p>Asimismo, Monti resalt\u00f3 que \u201ccortar el hilo por lo m\u00e1s fino es de una injusticia, arbitrariedad y de una obstrucci\u00f3n en la investigaci\u00f3n terrible, el tribunal oral penal de Goya va a fallar seg\u00fan el expediente y el debate, en este caso una instrucci\u00f3n absolutamente incompleta porque no se llev\u00f3 a cabo como se deb\u00eda\u201d.<\/p>\n<p>\u201cEstoy por presentar la excarcelaci\u00f3n que entiendo va a ser viable, por los antecedentes del c\u00f3digo procesal al ser el delito excarcelable, y tiene el domicilio en la zona sin antecedentes penales, espero que se trate de un delito excarcelable\u201d finaliz\u00f3 el letrado.<\/p>\n","protected":false},"excerpt":{"rendered":"<p>El doctor Jorge Monti, abogado de los dos Polic\u00edas, Axon y Romero, procesados por homicidio culposo, por la muerte del misionero Rogelio Schweig,quien cay\u00f3 del puente sobre arroyo Guaz\u00fa, afirm\u00f3 que presentar\u00e1 el pedido de excarcelaci\u00f3n de ambos hasta el d\u00eda del debate. Adem\u00e1s, remarc\u00f3 que la investigaci\u00f3n es insuficiente, y se\u00f1al\u00f3 que \u201cle suger\u00ed [&hellip;]<\/p>\n","protected":false},"author":1,"featured_media":26559,"comment_status":"closed","ping_status":"closed","sticky":false,"template":"","format":"standard","meta":{"footnotes":""},"categories":[2],"tags":[],"class_list":["post-26558","post","type-post","status-publish","format-standard","has-post-thumbnail","hentry","category-culturales"],"_links":{"self":[{"href":"http:\/\/informateesquina.com\/index.php?rest_route=\/wp\/v2\/posts\/26558","targetHints":{"allow":["GET"]}}],"collection":[{"href":"http:\/\/informateesquina.com\/index.php?rest_route=\/wp\/v2\/posts"}],"about":[{"href":"http:\/\/informateesquina.com\/index.php?rest_route=\/wp\/v2\/types\/post"}],"author":[{"embeddable":true,"href":"http:\/\/informateesquina.com\/index.php?rest_route=\/wp\/v2\/users\/1"}],"replies":[{"embeddable":true,"href":"http:\/\/informateesquina.com\/index.php?rest_route=%2Fwp%2Fv2%2Fcomments&post=26558"}],"version-history":[{"count":0,"href":"http:\/\/informateesquina.com\/index.php?rest_route=\/wp\/v2\/posts\/26558\/revisions"}],"wp:featuredmedia":[{"embeddable":true,"href":"http:\/\/informateesquina.com\/index.php?rest_route=\/wp\/v2\/media\/26559"}],"wp:attachment":[{"href":"http:\/\/informateesquina.com\/index.php?rest_route=%2Fwp%2Fv2%2Fmedia&parent=26558"}],"wp:term":[{"taxonomy":"category","embeddable":true,"href":"http:\/\/informateesquina.com\/index.php?rest_route=%2Fwp%2Fv2%2Fcategories&post=26558"},{"taxonomy":"post_tag","embeddable":true,"href":"http:\/\/informateesquina.com\/index.php?rest_route=%2Fwp%2Fv2%2Ftags&post=26558"}],"curies":[{"name":"wp","href":"https:\/\/api.w.org\/{rel}","templated":true}]}}