{"id":26562,"date":"2019-03-27T09:53:21","date_gmt":"2019-03-27T12:53:21","guid":{"rendered":"https:\/\/informateesquina.com\/?p=26562"},"modified":"2019-03-27T09:53:21","modified_gmt":"2019-03-27T12:53:21","slug":"dos-ninos-sufrieron-heridas-graves-tras-ser-aplastados-por-una-grua","status":"publish","type":"post","link":"http:\/\/informateesquina.com\/?p=26562","title":{"rendered":"Dos ni\u00f1os sufrieron heridas graves tras ser aplastados por una gr\u00faa"},"content":{"rendered":"<p style=\"text-align: left;\">Dos ni\u00f1os de 8 y 10 a\u00f1os resultaron con lesiones graves despu\u00e9s de u hecho que ocurri\u00f3 en la localidad de Santa rosa, en la tarde de este martes. Alrededor de las 16:45, los menores cayeron de una camioneta en la que se trasladaban, colgando del paragolpes del rodado.<\/p>\n<p>La camioneta remolcaba una gr\u00faa, que aplast\u00f3 a los ni\u00f1os en su ca\u00edda y les produjo severas lesiones, tras lo cual, ambos fueron derivados de manera inmediata al Hospital de Saladas. El menor, de 8 a\u00f1os de edad, debi\u00f3 ser trasladado al Hospital Pedi\u00e1trico de la Capital correntina, debido a la gravedad de las lesiones sufridas.<\/p>\n<p>Posteriormente, se present\u00f3 en la Comisar\u00eda local, un ciudadano de apellido Falc\u00f3n, quien coment\u00f3 que manejaba la camioneta marca Chevrolet y que aparentemente no advirti\u00f3 la presencia de los menores en la parte trasera del rodado.<\/p>\n","protected":false},"excerpt":{"rendered":"<p>Dos ni\u00f1os de 8 y 10 a\u00f1os resultaron con lesiones graves despu\u00e9s de u hecho que ocurri\u00f3 en la localidad de Santa rosa, en la tarde de este martes. Alrededor de las 16:45, los menores cayeron de una camioneta en la que se trasladaban, colgando del paragolpes del rodado. La camioneta remolcaba una gr\u00faa, que [&hellip;]<\/p>\n","protected":false},"author":1,"featured_media":26563,"comment_status":"closed","ping_status":"closed","sticky":false,"template":"","format":"standard","meta":{"footnotes":""},"categories":[8],"tags":[],"class_list":["post-26562","post","type-post","status-publish","format-standard","has-post-thumbnail","hentry","category-policiales"],"_links":{"self":[{"href":"http:\/\/informateesquina.com\/index.php?rest_route=\/wp\/v2\/posts\/26562","targetHints":{"allow":["GET"]}}],"collection":[{"href":"http:\/\/informateesquina.com\/index.php?rest_route=\/wp\/v2\/posts"}],"about":[{"href":"http:\/\/informateesquina.com\/index.php?rest_route=\/wp\/v2\/types\/post"}],"author":[{"embeddable":true,"href":"http:\/\/informateesquina.com\/index.php?rest_route=\/wp\/v2\/users\/1"}],"replies":[{"embeddable":true,"href":"http:\/\/informateesquina.com\/index.php?rest_route=%2Fwp%2Fv2%2Fcomments&post=26562"}],"version-history":[{"count":0,"href":"http:\/\/informateesquina.com\/index.php?rest_route=\/wp\/v2\/posts\/26562\/revisions"}],"wp:featuredmedia":[{"embeddable":true,"href":"http:\/\/informateesquina.com\/index.php?rest_route=\/wp\/v2\/media\/26563"}],"wp:attachment":[{"href":"http:\/\/informateesquina.com\/index.php?rest_route=%2Fwp%2Fv2%2Fmedia&parent=26562"}],"wp:term":[{"taxonomy":"category","embeddable":true,"href":"http:\/\/informateesquina.com\/index.php?rest_route=%2Fwp%2Fv2%2Fcategories&post=26562"},{"taxonomy":"post_tag","embeddable":true,"href":"http:\/\/informateesquina.com\/index.php?rest_route=%2Fwp%2Fv2%2Ftags&post=26562"}],"curies":[{"name":"wp","href":"https:\/\/api.w.org\/{rel}","templated":true}]}}