{"id":26569,"date":"2019-03-27T10:21:03","date_gmt":"2019-03-27T13:21:03","guid":{"rendered":"https:\/\/informateesquina.com\/?p=26569"},"modified":"2019-03-27T10:21:03","modified_gmt":"2019-03-27T13:21:03","slug":"susana-gimenez-mirtha-legrand-y-ricardo-darin-los-famosos-invitados-a-la-gala-de-los-reyes-de-espana","status":"publish","type":"post","link":"http:\/\/informateesquina.com\/?p=26569","title":{"rendered":"Susana Gim\u00e9nez, Mirtha Legrand y Ricardo Dar\u00edn, los famosos invitados a la gala de los reyes de Espa\u00f1a"},"content":{"rendered":"<p>El rey Felipe VI y la reina Letizia ofrecieron una cena en el hotel Four Seasons de Buenos Aires para el presidente Mauricio Macri, su mujer Juliana Awada, miembros de su gabinete y destacadas personalidades.<\/p>\n<p><img loading=\"lazy\" decoding=\"async\" class=\"alignnone size-medium wp-image-26571\" src=\"https:\/\/informateesquina.com\/wp-content\/uploads\/2019\/03\/5c9ab37fc274a_mirtha1-223x300.jpg\" alt=\"\" width=\"223\" height=\"300\" srcset=\"http:\/\/informateesquina.com\/wp-content\/uploads\/2019\/03\/5c9ab37fc274a_mirtha1-223x300.jpg 223w, http:\/\/informateesquina.com\/wp-content\/uploads\/2019\/03\/5c9ab37fc274a_mirtha1.jpg 360w\" sizes=\"auto, (max-width: 223px) 100vw, 223px\" \/><br \/>\nSusanaSusana Gim\u00e9nez, Mirtha Legrand y Ricardo Dar\u00edn, los famosos invitados a la gala de los reyes de Espa\u00f1a<br \/>\nEl rey Felipe VI y la reina Letizia ofrecieron una cena en el hotel Four Seasons de Buenos Aires para el presidente Mauricio Macri, su mujer Juliana Awada, miembros de su gabinete y destacadas personalidades.<br \/>\nTras la ceremonia del pasado lunes en el CCK, encabezada por el presidente Mauricio Macri y la primera dama Juliana Awada, para dar la bienvenida al pa\u00eds a la realeza espa\u00f1ola, este martes Felipe VI y Letizia brindaron una gala para retribuir la gentileza a las autoridades argentinas. Del encuentro participaron funcionarios del Gobierno, referentes pol\u00edticos y personalidades destacadas de la cultura.<\/p>\n<p>Como indica el protocolo, el rey y la reina de Espa\u00f1a, junto al mandatario y su mujer, recibieron a las figuras que asistieron al lujoso sal\u00f3n de la mansi\u00f3n estilo belle \u00e9poque del barrio de Retiro.<br \/>\nLa Chiqui hab\u00eda participado, tambi\u00e9n, de la cena que se realiz\u00f3 este lunes por la noche, en el CCK. Por su parte, Sabina viajar\u00e1 a C\u00f3rdoba para participar, desde este mi\u00e9rcoles, en el VIII Congreso Internacional de la Lengua Espa\u00f1ola, el cual ser\u00e1 inaugurado por los reyes<br \/>\nPara la ocasi\u00f3n, Letizia luci\u00f3 un strapless de escote irregular color borravino por abajo de la rodilla. La primera dama argentina, en tanto, escogi\u00f3 un vestido de manga larga color peltre corto, con un lazo en la cintura. La reina llev\u00f3 un peinado recogido mientras que Awada prefiri\u00f3 el pelo suelto.<br \/>\nLos encargados del protocolo de la velada informaron a los invitados que el dress code para la gala era, para las mujeres, de vestido corto, y para los hombres, traje oscuro. El m\u00e1s criticado en ese sentido fue el ministro de Transporte Guillermo Dietrich, que lleg\u00f3 al evento en bicicleta y sin corbata.<\/p>\n<p>En la cena de bienvenida que se realiz\u00f3 el pasado lunes por la noche, Mirtha Legrand fue una de las figuras invitadas por Awada. La diva de la televisi\u00f3n asisti\u00f3 junto a su asesor de moda, H\u00e9ctor Vidal Rivas. Seg\u00fan trascendi\u00f3 de manera extraoficial, la reina ten\u00eda intenciones de conocer a la conductora por su extensa trayectoria. Pese a que La Chiqui estuvo sentada muy cerca de Letizia, no se dio un encuentro entre ellas.<\/p>\n","protected":false},"excerpt":{"rendered":"<p>El rey Felipe VI y la reina Letizia ofrecieron una cena en el hotel Four Seasons de Buenos Aires para el presidente Mauricio Macri, su mujer Juliana Awada, miembros de su gabinete y destacadas personalidades. SusanaSusana Gim\u00e9nez, Mirtha Legrand y Ricardo Dar\u00edn, los famosos invitados a la gala de los reyes de Espa\u00f1a El rey [&hellip;]<\/p>\n","protected":false},"author":1,"featured_media":26570,"comment_status":"closed","ping_status":"closed","sticky":false,"template":"","format":"standard","meta":{"footnotes":""},"categories":[4],"tags":[],"class_list":["post-26569","post","type-post","status-publish","format-standard","has-post-thumbnail","hentry","category-espectaculos"],"_links":{"self":[{"href":"http:\/\/informateesquina.com\/index.php?rest_route=\/wp\/v2\/posts\/26569","targetHints":{"allow":["GET"]}}],"collection":[{"href":"http:\/\/informateesquina.com\/index.php?rest_route=\/wp\/v2\/posts"}],"about":[{"href":"http:\/\/informateesquina.com\/index.php?rest_route=\/wp\/v2\/types\/post"}],"author":[{"embeddable":true,"href":"http:\/\/informateesquina.com\/index.php?rest_route=\/wp\/v2\/users\/1"}],"replies":[{"embeddable":true,"href":"http:\/\/informateesquina.com\/index.php?rest_route=%2Fwp%2Fv2%2Fcomments&post=26569"}],"version-history":[{"count":0,"href":"http:\/\/informateesquina.com\/index.php?rest_route=\/wp\/v2\/posts\/26569\/revisions"}],"wp:featuredmedia":[{"embeddable":true,"href":"http:\/\/informateesquina.com\/index.php?rest_route=\/wp\/v2\/media\/26570"}],"wp:attachment":[{"href":"http:\/\/informateesquina.com\/index.php?rest_route=%2Fwp%2Fv2%2Fmedia&parent=26569"}],"wp:term":[{"taxonomy":"category","embeddable":true,"href":"http:\/\/informateesquina.com\/index.php?rest_route=%2Fwp%2Fv2%2Fcategories&post=26569"},{"taxonomy":"post_tag","embeddable":true,"href":"http:\/\/informateesquina.com\/index.php?rest_route=%2Fwp%2Fv2%2Ftags&post=26569"}],"curies":[{"name":"wp","href":"https:\/\/api.w.org\/{rel}","templated":true}]}}