{"id":26576,"date":"2019-03-27T10:56:25","date_gmt":"2019-03-27T13:56:25","guid":{"rendered":"https:\/\/informateesquina.com\/?p=26576"},"modified":"2019-03-27T10:56:25","modified_gmt":"2019-03-27T13:56:25","slug":"lo-nuevo-en-whatsapp-asi-sera-el-modo-oscuro-del-mensajerola-caracteristica-se-filtro-en-una-version-de-prueba-para-android","status":"publish","type":"post","link":"http:\/\/informateesquina.com\/?p=26576","title":{"rendered":"Lo nuevo en WhatsApp: as\u00ed ser\u00e1 el \u201cmodo oscuro\u201d del mensajeroLa caracter\u00edstica se filtr\u00f3 en una versi\u00f3n de prueba para Android."},"content":{"rendered":"<p>Buenas noticias para la salud visual de los usuarios.<\/p>\n<p>Entre las novedades que WhatsApp incluir\u00e1 en su pr\u00f3xima versi\u00f3n, aparece el esperado \u201cmodo oscuro\u201d. Lo anticipamos ac\u00e1, y ahora circulan im\u00e1genes que muestra c\u00f3mo lucir\u00e1 la funci\u00f3n.<\/p>\n<p><img loading=\"lazy\" decoding=\"async\" class=\"alignnone size-medium wp-image-26579\" src=\"https:\/\/informateesquina.com\/wp-content\/uploads\/2019\/03\/Screenshot_20190327-1100232-213x300.png\" alt=\"\" width=\"213\" height=\"300\" srcset=\"http:\/\/informateesquina.com\/wp-content\/uploads\/2019\/03\/Screenshot_20190327-1100232-213x300.png 213w, http:\/\/informateesquina.com\/wp-content\/uploads\/2019\/03\/Screenshot_20190327-1100232.png 477w\" sizes=\"auto, (max-width: 213px) 100vw, 213px\" \/><\/p>\n<p>Igual que ocurre en otros softwares que incluyen la caracter\u00edstica, por ejemplo YouTube y Twitter, la intenci\u00f3n es ofrecer una mejor experiencia de uso en horarios nocturnos (o en espacios con poca luz) al reducir la luminosidad de la interfaz. De hecho, la funci\u00f3n tambi\u00e9n se conoce como &#8220;modo nocturno&#8221;.<\/p>\n<p>En definitiva, se trata de buenas noticias para la salud visual de los usuarios y tambi\u00e9n para favorecer el descanso nocturno, a sabiendas de que el brillo de las pantallas afecta en forma directa el buen dormir. Eso, adem\u00e1s de consumir una menor cantidad de bater\u00eda.<\/p>\n<p>\u201cDark Mode\u201d en WhatsApp<br \/>\nLa fuente que publica las im\u00e1genes, WABetaInfo, usualmente divulga funciones in\u00e9ditas del mensajero propiedad de Facebook.<\/p>\n<p><img loading=\"lazy\" decoding=\"async\" class=\"alignnone size-medium wp-image-26581\" src=\"https:\/\/informateesquina.com\/wp-content\/uploads\/2019\/03\/808890-406-304-300x225.jpg\" alt=\"\" width=\"300\" height=\"225\" srcset=\"http:\/\/informateesquina.com\/wp-content\/uploads\/2019\/03\/808890-406-304-300x225.jpg 300w, http:\/\/informateesquina.com\/wp-content\/uploads\/2019\/03\/808890-406-304.jpg 406w\" sizes=\"auto, (max-width: 300px) 100vw, 300px\" \/><\/p>\n<p>En este caso, el modo oscuro no aparece habilitado en la beta de WhatsApp para Android que husmearon, sino que encontraron la funci\u00f3n en el c\u00f3digo fuente de la aplicaci\u00f3n. En las im\u00e1genes vemos que no se trata de una interfaz totalmente negra, sino que tiende m\u00e1s a una tonalidad gris\u00e1cea.<br \/>\noNo hay informaci\u00f3n respecto a cu\u00e1ndo llegar\u00e1 el dark mode en forma definitiva al popular servicio de mensajer\u00eda, aunque este descubrimiento muestra que podr\u00eda debutar pronto. Acaso, en una nueva actualizaci\u00f3n tambi\u00e9n veamos el rumoreado navegador integrado y los grupos con invitaci\u00f3n.<\/p>\n","protected":false},"excerpt":{"rendered":"<p>Buenas noticias para la salud visual de los usuarios. Entre las novedades que WhatsApp incluir\u00e1 en su pr\u00f3xima versi\u00f3n, aparece el esperado \u201cmodo oscuro\u201d. Lo anticipamos ac\u00e1, y ahora circulan im\u00e1genes que muestra c\u00f3mo lucir\u00e1 la funci\u00f3n. Igual que ocurre en otros softwares que incluyen la caracter\u00edstica, por ejemplo YouTube y Twitter, la intenci\u00f3n es [&hellip;]<\/p>\n","protected":false},"author":1,"featured_media":26577,"comment_status":"closed","ping_status":"closed","sticky":false,"template":"","format":"standard","meta":{"footnotes":""},"categories":[11,12],"tags":[],"class_list":["post-26576","post","type-post","status-publish","format-standard","has-post-thumbnail","hentry","category-sociedad","category-tecnologia"],"_links":{"self":[{"href":"http:\/\/informateesquina.com\/index.php?rest_route=\/wp\/v2\/posts\/26576","targetHints":{"allow":["GET"]}}],"collection":[{"href":"http:\/\/informateesquina.com\/index.php?rest_route=\/wp\/v2\/posts"}],"about":[{"href":"http:\/\/informateesquina.com\/index.php?rest_route=\/wp\/v2\/types\/post"}],"author":[{"embeddable":true,"href":"http:\/\/informateesquina.com\/index.php?rest_route=\/wp\/v2\/users\/1"}],"replies":[{"embeddable":true,"href":"http:\/\/informateesquina.com\/index.php?rest_route=%2Fwp%2Fv2%2Fcomments&post=26576"}],"version-history":[{"count":0,"href":"http:\/\/informateesquina.com\/index.php?rest_route=\/wp\/v2\/posts\/26576\/revisions"}],"wp:featuredmedia":[{"embeddable":true,"href":"http:\/\/informateesquina.com\/index.php?rest_route=\/wp\/v2\/media\/26577"}],"wp:attachment":[{"href":"http:\/\/informateesquina.com\/index.php?rest_route=%2Fwp%2Fv2%2Fmedia&parent=26576"}],"wp:term":[{"taxonomy":"category","embeddable":true,"href":"http:\/\/informateesquina.com\/index.php?rest_route=%2Fwp%2Fv2%2Fcategories&post=26576"},{"taxonomy":"post_tag","embeddable":true,"href":"http:\/\/informateesquina.com\/index.php?rest_route=%2Fwp%2Fv2%2Ftags&post=26576"}],"curies":[{"name":"wp","href":"https:\/\/api.w.org\/{rel}","templated":true}]}}