{"id":26586,"date":"2019-03-27T17:11:25","date_gmt":"2019-03-27T20:11:25","guid":{"rendered":"https:\/\/informateesquina.com\/?p=26586"},"modified":"2019-03-27T17:11:25","modified_gmt":"2019-03-27T20:11:25","slug":"motociclista-gravemente-herido-tras-chocar-con-un-camion","status":"publish","type":"post","link":"http:\/\/informateesquina.com\/?p=26586","title":{"rendered":"Motociclista gravemente herido tras chocar con un cami\u00f3n"},"content":{"rendered":"<p><span data-offset-key=\"4eg73-1-0\">Este mi\u00e9rcoles por la tarde se produjo un feroz accidente entre una motocicleta y cami\u00f3n del servicio de Transporte Galarza. El hecho se produjo en la intersecci\u00f3n de la Avenida Juan Ram\u00f3n Vidal Y Coronel Ricardi.<\/span><\/p>\n<p>El conductor de la motocicleta, de apellido Machuca se encuentra en estado grave y fue llevado de urgencia a la Capital correntina.<\/p>\n<p>Interviene en el caso la Comisar\u00eda Segunda, a cargo del comisario Monsor.<\/p>\n<p><img loading=\"lazy\" decoding=\"async\" class=\"alignnone size-medium wp-image-26588\" src=\"https:\/\/informateesquina.com\/wp-content\/uploads\/2019\/03\/8f5a54a6-3f20-4206-a92e-9140048f2e68-225x300.jpg\" alt=\"\" width=\"225\" height=\"300\" srcset=\"http:\/\/informateesquina.com\/wp-content\/uploads\/2019\/03\/8f5a54a6-3f20-4206-a92e-9140048f2e68-225x300.jpg 225w, http:\/\/informateesquina.com\/wp-content\/uploads\/2019\/03\/8f5a54a6-3f20-4206-a92e-9140048f2e68-768x1024.jpg 768w, http:\/\/informateesquina.com\/wp-content\/uploads\/2019\/03\/8f5a54a6-3f20-4206-a92e-9140048f2e68.jpg 774w\" sizes=\"auto, (max-width: 225px) 100vw, 225px\" \/> <img loading=\"lazy\" decoding=\"async\" class=\"alignnone size-medium wp-image-26589\" src=\"https:\/\/informateesquina.com\/wp-content\/uploads\/2019\/03\/3613fece-25e9-4da5-9af3-f9826068e55e-225x300.jpg\" alt=\"\" width=\"225\" height=\"300\" srcset=\"http:\/\/informateesquina.com\/wp-content\/uploads\/2019\/03\/3613fece-25e9-4da5-9af3-f9826068e55e-225x300.jpg 225w, http:\/\/informateesquina.com\/wp-content\/uploads\/2019\/03\/3613fece-25e9-4da5-9af3-f9826068e55e-768x1024.jpg 768w, http:\/\/informateesquina.com\/wp-content\/uploads\/2019\/03\/3613fece-25e9-4da5-9af3-f9826068e55e.jpg 774w\" sizes=\"auto, (max-width: 225px) 100vw, 225px\" \/> <img loading=\"lazy\" decoding=\"async\" class=\"alignnone size-medium wp-image-26590\" src=\"https:\/\/informateesquina.com\/wp-content\/uploads\/2019\/03\/c2a9107f-9cc5-4a1a-a454-7f2cd52c3a8c-300x225.jpg\" alt=\"\" width=\"300\" height=\"225\" srcset=\"http:\/\/informateesquina.com\/wp-content\/uploads\/2019\/03\/c2a9107f-9cc5-4a1a-a454-7f2cd52c3a8c-300x225.jpg 300w, http:\/\/informateesquina.com\/wp-content\/uploads\/2019\/03\/c2a9107f-9cc5-4a1a-a454-7f2cd52c3a8c-1024x768.jpg 1024w, http:\/\/informateesquina.com\/wp-content\/uploads\/2019\/03\/c2a9107f-9cc5-4a1a-a454-7f2cd52c3a8c-768x576.jpg 768w, http:\/\/informateesquina.com\/wp-content\/uploads\/2019\/03\/c2a9107f-9cc5-4a1a-a454-7f2cd52c3a8c.jpg 1032w\" sizes=\"auto, (max-width: 300px) 100vw, 300px\" \/><\/p>\n","protected":false},"excerpt":{"rendered":"<p>Este mi\u00e9rcoles por la tarde se produjo un feroz accidente entre una motocicleta y cami\u00f3n del servicio de Transporte Galarza. El hecho se produjo en la intersecci\u00f3n de la Avenida Juan Ram\u00f3n Vidal Y Coronel Ricardi. El conductor de la motocicleta, de apellido Machuca se encuentra en estado grave y fue llevado de urgencia a [&hellip;]<\/p>\n","protected":false},"author":1,"featured_media":26587,"comment_status":"closed","ping_status":"closed","sticky":false,"template":"","format":"standard","meta":{"footnotes":""},"categories":[6,8],"tags":[],"class_list":["post-26586","post","type-post","status-publish","format-standard","has-post-thumbnail","hentry","category-locales","category-policiales"],"_links":{"self":[{"href":"http:\/\/informateesquina.com\/index.php?rest_route=\/wp\/v2\/posts\/26586","targetHints":{"allow":["GET"]}}],"collection":[{"href":"http:\/\/informateesquina.com\/index.php?rest_route=\/wp\/v2\/posts"}],"about":[{"href":"http:\/\/informateesquina.com\/index.php?rest_route=\/wp\/v2\/types\/post"}],"author":[{"embeddable":true,"href":"http:\/\/informateesquina.com\/index.php?rest_route=\/wp\/v2\/users\/1"}],"replies":[{"embeddable":true,"href":"http:\/\/informateesquina.com\/index.php?rest_route=%2Fwp%2Fv2%2Fcomments&post=26586"}],"version-history":[{"count":0,"href":"http:\/\/informateesquina.com\/index.php?rest_route=\/wp\/v2\/posts\/26586\/revisions"}],"wp:featuredmedia":[{"embeddable":true,"href":"http:\/\/informateesquina.com\/index.php?rest_route=\/wp\/v2\/media\/26587"}],"wp:attachment":[{"href":"http:\/\/informateesquina.com\/index.php?rest_route=%2Fwp%2Fv2%2Fmedia&parent=26586"}],"wp:term":[{"taxonomy":"category","embeddable":true,"href":"http:\/\/informateesquina.com\/index.php?rest_route=%2Fwp%2Fv2%2Fcategories&post=26586"},{"taxonomy":"post_tag","embeddable":true,"href":"http:\/\/informateesquina.com\/index.php?rest_route=%2Fwp%2Fv2%2Ftags&post=26586"}],"curies":[{"name":"wp","href":"https:\/\/api.w.org\/{rel}","templated":true}]}}