{"id":26596,"date":"2019-03-28T09:51:23","date_gmt":"2019-03-28T12:51:23","guid":{"rendered":"https:\/\/informateesquina.com\/?p=26596"},"modified":"2019-03-28T09:51:23","modified_gmt":"2019-03-28T12:51:23","slug":"nosotros-siempre-acompanamos-a-eco-porque-creemos-que-es-la-figura-mas-importante-que-tenemos-en-esquina-y-en-la-provincia","status":"publish","type":"post","link":"http:\/\/informateesquina.com\/?p=26596","title":{"rendered":"&#8220;Nosotros siempre acompa\u00f1amos a Eco porque creemos que es la figura m\u00e1s importante que tenemos en Esquina y en la provincia&#8221;"},"content":{"rendered":"<p>El concejal Julio D&#8217;oria (ECO) habl\u00f3 con un medio radial sobre su trabajo por y su compromiso con la comunidad.<\/p>\n<p>\u201cSiempre estamos trabajando por la necesidad de la gente, yo ya vengo de la Direcci\u00f3n de Acci\u00f3n Social, y ah\u00ed ya ven\u00edamos trabajando en los barrios as\u00ed que seguimos igual, l\u00e1stima que no tenemos el mismo manejo, desde el Poder Ejecutivo. Ahora cuesta un poco m\u00e1s pero seguimos trabajando gracias al concejal Hugo Mancini que me esta acompa\u00f1ando en toda esta etapa nueva desde el Concejo.<br \/>\n\u201cVamos a seguir trabajando firmes por cada uno de los vecinos de Esquina\u201d, remarc\u00f3.<br \/>\nEn cuanto a la \u00faltima sesi\u00f3n coment\u00f3:\u201cLa banca del vecino, en esta oportunidad le toca al pastor Abel Almeida, que propone poner dos carteles en Ruta 12 en el ingreso a Esquina y un tercer cartel en Sarmiento y Costanera. Eso es muy importante porque quer\u00edan tambi\u00e9n que est\u00e9 gendarmer\u00eda en la ruta controlando el ingreso a nuestra localidad. \u201cEs muy bueno que gendarmer\u00eda venga y le de tranquilidad a los vecinos de Esquina\u201d.<\/p>\n<p>ELECCIONES<\/p>\n<p>En un a\u00f1o netamente electoral D\u2019oria explic\u00f3 \u201cla semana pasada empezamos las conversaciones y vamos a seguir conversando con cada uno de los sectores pol\u00edticos\u201d<br \/>\nSe\u00f1al\u00f3 que la idea es seguir trabajando con el sello de la lista 31. \u201cNosotros siempre acompa\u00f1amos a Eco porque creemos que es la figura m\u00e1s importante que tenemos en Esquina y en la provincia, estamos convencidos que van a seguir llevando el desarrollo de la provincia y creemos vamos a seguir acompa\u00f1ando a Eco a nivel provincial\u201d.<br \/>\nEn el orden local no descartan una posible alianza con la lista N\u00ba 28. \u201cTuvimos conversaciones importantes con Mar\u00eda Eugenia Mancini y con Hugo Mancini , llegamos a ideas en com\u00fan as\u00ed que seguro vamos a seguir avanzando mucho m\u00e1s\u201d.<\/p>\n","protected":false},"excerpt":{"rendered":"<p>El concejal Julio D&#8217;oria (ECO) habl\u00f3 con un medio radial sobre su trabajo por y su compromiso con la comunidad. \u201cSiempre estamos trabajando por la necesidad de la gente, yo ya vengo de la Direcci\u00f3n de Acci\u00f3n Social, y ah\u00ed ya ven\u00edamos trabajando en los barrios as\u00ed que seguimos igual, l\u00e1stima que no tenemos el [&hellip;]<\/p>\n","protected":false},"author":1,"featured_media":26597,"comment_status":"closed","ping_status":"closed","sticky":false,"template":"","format":"standard","meta":{"footnotes":""},"categories":[9],"tags":[],"class_list":["post-26596","post","type-post","status-publish","format-standard","has-post-thumbnail","hentry","category-politica"],"_links":{"self":[{"href":"http:\/\/informateesquina.com\/index.php?rest_route=\/wp\/v2\/posts\/26596","targetHints":{"allow":["GET"]}}],"collection":[{"href":"http:\/\/informateesquina.com\/index.php?rest_route=\/wp\/v2\/posts"}],"about":[{"href":"http:\/\/informateesquina.com\/index.php?rest_route=\/wp\/v2\/types\/post"}],"author":[{"embeddable":true,"href":"http:\/\/informateesquina.com\/index.php?rest_route=\/wp\/v2\/users\/1"}],"replies":[{"embeddable":true,"href":"http:\/\/informateesquina.com\/index.php?rest_route=%2Fwp%2Fv2%2Fcomments&post=26596"}],"version-history":[{"count":0,"href":"http:\/\/informateesquina.com\/index.php?rest_route=\/wp\/v2\/posts\/26596\/revisions"}],"wp:featuredmedia":[{"embeddable":true,"href":"http:\/\/informateesquina.com\/index.php?rest_route=\/wp\/v2\/media\/26597"}],"wp:attachment":[{"href":"http:\/\/informateesquina.com\/index.php?rest_route=%2Fwp%2Fv2%2Fmedia&parent=26596"}],"wp:term":[{"taxonomy":"category","embeddable":true,"href":"http:\/\/informateesquina.com\/index.php?rest_route=%2Fwp%2Fv2%2Fcategories&post=26596"},{"taxonomy":"post_tag","embeddable":true,"href":"http:\/\/informateesquina.com\/index.php?rest_route=%2Fwp%2Fv2%2Ftags&post=26596"}],"curies":[{"name":"wp","href":"https:\/\/api.w.org\/{rel}","templated":true}]}}