{"id":26609,"date":"2019-03-28T18:57:51","date_gmt":"2019-03-28T21:57:51","guid":{"rendered":"https:\/\/informateesquina.com\/?p=26609"},"modified":"2019-03-28T18:57:51","modified_gmt":"2019-03-28T21:57:51","slug":"higuain-le-puso-fin-a-su-ciclo-en-la-seleccion-argentina-y-castigo-a-quienes-lo-critican","status":"publish","type":"post","link":"http:\/\/informateesquina.com\/?p=26609","title":{"rendered":"Higua\u00edn le puso fin a su ciclo en la Selecci\u00f3n argentina y castig\u00f3 a quienes lo critican"},"content":{"rendered":"<div class=\"detail-body \">\n<div class=\"preview\">El Pipa anunci\u00f3 que su etapa con la camiseta albiceleste lleg\u00f3 a su fin luego de la Copa del Mundo de Rusia: &#8220;Quiero disfrutar de mi familia y de mi&#8221;.<\/div>\n<\/div>\n<div class=\"detail-body\">\n<article id=\"note-body\" class=\"note-body first\" data-twitter-link=\"https:\/\/twitter.com\/intent\/tweet?url=https:\/\/www.minutouno.com\/c5023382&amp;v\u00eda=minutounocom&amp;related=MinutoUno&amp;text=\">\n<div class=\"row\">\n<div class=\"inside-note col-xs-12\">\n<p><strong>Gonzalo Higua\u00edn<\/strong>\u00a0ya no jugar\u00e1 con la Selecci\u00f3n argentina. El delantero asegur\u00f3 que\u00a0<span id=\"saysCMSEmphasiscb5iisyzal6\" class=\"saysCMSEmphasis\">su etapa con la Selecci\u00f3n &#8220;ya est\u00e1<\/span>&#8221; y, pese a haber dialogado con el t\u00e9cnico\u00a0<strong>Lionel Scaloni,<\/strong>\u00a0reconoci\u00f3 que no volver\u00e1 a estar convocado.<\/p>\n<p>&#8220;<strong>Creo que ya est\u00e1<\/strong>, pens\u00e1ndolo bien profundamente, mi ciclo en la Selecci\u00f3n ya est\u00e1. Quiero disfrutar de mi familia.\u00a0<span id=\"saysCMSEmphasisav6kyl3xr4e\" class=\"saysCMSEmphasis\">Para alegr\u00eda de muchos y de otros no tanto<\/span>, mi ciclo ya est\u00e1 como tambi\u00e9n lo hicieron otros compa\u00f1eros. As\u00ed que ahora que\u00a0<span id=\"saysCMSEmphasiszg0uvzuvkf\" class=\"saysCMSEmphasis\">ya se pueden dejar de preocupar si estoy o no estoy&#8221;<\/span>, afirm\u00f3 en una nota al programa\u00a0<em>90 Minutos de Fox Sports.<\/em><\/p>\n<div class=\"detail-body \">\n<article id=\"note-body\" class=\"note-body\" data-twitter-link=\"https:\/\/twitter.com\/intent\/tweet?url=https:\/\/www.minutouno.com\/c5023382&amp;v\u00eda=minutounocom&amp;related=MinutoUno&amp;text=\">\n<div class=\"row\">\n<div class=\"inside-note col-xs-12\">\n<p><span id=\"saysCMSEmphasisaf7y3vp2r3p\" class=\"saysCMSEmphasis\">&#8220;En Argentina se critica m\u00e1s lo que uno no meti\u00f3 (los goles) que los que meti\u00f3.<\/span>Los goles en Eliminatorias son tan importantes como en un Mundial&#8221;, sentenci\u00f3, defendi\u00e9ndose de las cr\u00edticas que sufri\u00f3 durante la estad\u00eda en el equipo nacional.\u00a0<span id=\"saysCMSEmphasis5d4sx7jlnoc\" class=\"saysCMSEmphasis\">&#8220;Cuando a uno lo critican con maldad a todo el mundo le duele.<\/span>\u00a0Despu\u00e9s est\u00e1 la dimensi\u00f3n que quieras darle; vi sufrir m\u00e1s a m\u00ed familia que a m\u00ed mismo. Cada uno puede decir me falta esto o lo otro, pero siempre trat\u00e9 de dar lo mejor&#8221;, agreg\u00f3.<\/p>\n<div class=\"teads-adCall\"><\/div>\n<p>El delantero del Chelsea hizo hincapi\u00e9 en la sensaci\u00f3n agridulce que padeci\u00f3 por las cr\u00edticas que recibi\u00f3 constantemente durante su \u00faltima etapa en el combinado nacional: &#8220;<span id=\"saysCMSEmphasismr3erdz9n3h\" class=\"saysCMSEmphasis\">He disfrutado de la Selecci\u00f3n eh.<\/span>\u00a0Le hice un gol a B\u00e9lgica que no s\u00e9 cu\u00e1ntos a\u00f1os hac\u00edamos que no jug\u00e1bamos la semifinal.\u00a0<span id=\"saysCMSEmphasis7rwoj12kvvo\" class=\"saysCMSEmphasis\">La gente se acuerdo de los que uno erra, no de los que mete.<\/span>\u00a0Todos los que criticaron los errados, ese gol con B\u00e9lgica lo habr\u00e1n gritado. S\u00e9 lo que es este mundo. Nunca le hice mal a nadie&#8221;.<\/p>\n<\/div>\n<\/div>\n<\/article>\n<p><img decoding=\"async\" class=\"visitimg\" src=\"https:\/\/www.minutouno.com\/_post\/minutouno\/count.php?idNota=5023382\" \/><\/p>\n<\/div>\n<div class=\"banner-libre\">\n<div class=\"taboola0\">\n<div id=\"taboola-below-article-thumbnails0\" class=\" trc_related_container trc_spotlight_widget trc_in_iframe trc_elastic trc_elastic_thumbnails-a \" data-placement-name=\"Below Article Thumbnails First Article\">\n<div class=\"trc_rbox_container\">\n<div>\n<div id=\"trc_wrapper_46041\" class=\"trc_rbox thumbnails-a trc-content-sponsored \">\n<div id=\"trc_header_46041\" class=\"trc_rbox_header trc_rbox_border_elm\"><\/div>\n<\/div>\n<\/div>\n<\/div>\n<\/div>\n<\/div>\n<\/div>\n<\/div>\n<\/div>\n<\/article>\n<\/div>\n","protected":false},"excerpt":{"rendered":"<p>El Pipa anunci\u00f3 que su etapa con la camiseta albiceleste lleg\u00f3 a su fin luego de la Copa del Mundo de Rusia: &#8220;Quiero disfrutar de mi familia y de mi&#8221;. Gonzalo Higua\u00edn\u00a0ya no jugar\u00e1 con la Selecci\u00f3n argentina. El delantero asegur\u00f3 que\u00a0su etapa con la Selecci\u00f3n &#8220;ya est\u00e1&#8221; y, pese a haber dialogado con el [&hellip;]<\/p>\n","protected":false},"author":1,"featured_media":26610,"comment_status":"closed","ping_status":"closed","sticky":false,"template":"","format":"standard","meta":{"footnotes":""},"categories":[3],"tags":[],"class_list":["post-26609","post","type-post","status-publish","format-standard","has-post-thumbnail","hentry","category-deportes"],"_links":{"self":[{"href":"http:\/\/informateesquina.com\/index.php?rest_route=\/wp\/v2\/posts\/26609","targetHints":{"allow":["GET"]}}],"collection":[{"href":"http:\/\/informateesquina.com\/index.php?rest_route=\/wp\/v2\/posts"}],"about":[{"href":"http:\/\/informateesquina.com\/index.php?rest_route=\/wp\/v2\/types\/post"}],"author":[{"embeddable":true,"href":"http:\/\/informateesquina.com\/index.php?rest_route=\/wp\/v2\/users\/1"}],"replies":[{"embeddable":true,"href":"http:\/\/informateesquina.com\/index.php?rest_route=%2Fwp%2Fv2%2Fcomments&post=26609"}],"version-history":[{"count":0,"href":"http:\/\/informateesquina.com\/index.php?rest_route=\/wp\/v2\/posts\/26609\/revisions"}],"wp:featuredmedia":[{"embeddable":true,"href":"http:\/\/informateesquina.com\/index.php?rest_route=\/wp\/v2\/media\/26610"}],"wp:attachment":[{"href":"http:\/\/informateesquina.com\/index.php?rest_route=%2Fwp%2Fv2%2Fmedia&parent=26609"}],"wp:term":[{"taxonomy":"category","embeddable":true,"href":"http:\/\/informateesquina.com\/index.php?rest_route=%2Fwp%2Fv2%2Fcategories&post=26609"},{"taxonomy":"post_tag","embeddable":true,"href":"http:\/\/informateesquina.com\/index.php?rest_route=%2Fwp%2Fv2%2Ftags&post=26609"}],"curies":[{"name":"wp","href":"https:\/\/api.w.org\/{rel}","templated":true}]}}