{"id":26613,"date":"2019-03-28T19:00:56","date_gmt":"2019-03-28T22:00:56","guid":{"rendered":"https:\/\/informateesquina.com\/?p=26613"},"modified":"2019-03-28T19:00:56","modified_gmt":"2019-03-28T22:00:56","slug":"la-pobreza-subio-al-32-a-fines-de-2018-hay-casi-13-millones-de-pobres-en-argentina","status":"publish","type":"post","link":"http:\/\/informateesquina.com\/?p=26613","title":{"rendered":"La pobreza subi\u00f3 al 32% a fines de 2018: hay casi 13 millones de pobres en Argentina"},"content":{"rendered":"<div class=\"detail-body \">\n<div class=\"preview\">\n<p>Creci\u00f3 6,2 puntos respecto del mismo semestre de 2017. A fines de 2015, cuando asumi\u00f3 Macri la presidencia, la pobreza era m\u00e1s baja: rondaba el 29%, seg\u00fan datos de la UCA.<\/p>\n<\/div>\n<\/div>\n<div class=\"detail-body\">\n<article id=\"note-body\" class=\"note-body first\" data-twitter-link=\"https:\/\/twitter.com\/intent\/tweet?url=https:\/\/www.minutouno.com\/c5023386&amp;v\u00eda=minutounocom&amp;related=MinutoUno&amp;text=\">\n<div class=\"row\">\n<div class=\"inside-note col-xs-12\">\n<p>El Instituto Nacional de Estad\u00edstica y Censos (INDEC) inform\u00f3 este jueves que la pobreza\u00a0<strong>aument\u00f3 al 32%<\/strong>\u00a0en el segundo semestre de 2018,<span id=\"saysCMSEmphasisecdu3eowpna\" class=\"saysCMSEmphasis\">\u00a06,2 puntos porcentuales por encima del mismo per\u00edodo de 2017<\/span>. El fuerte aumento es consecuencia de la brutal ca\u00edda de la econom\u00eda el a\u00f1o pasado, la recesi\u00f3n, una inflaci\u00f3n que rond\u00f3 el 48% y la megadevaluaci\u00f3n del 105% con una p\u00e9rdida de 18 puntos de los salarios por sobre el costo de vida.<\/p>\n<\/div>\n<\/div>\n<\/article>\n<\/div>\n<div class=\"detail-body \">\n<article id=\"note-body\" class=\"note-body\" data-twitter-link=\"https:\/\/twitter.com\/intent\/tweet?url=https:\/\/www.minutouno.com\/c5023386&amp;v\u00eda=minutounocom&amp;related=MinutoUno&amp;text=\">\n<div class=\"row\">\n<div class=\"inside-note col-xs-12\">\n<p>Durante todo 2018, en promedio, el PBI cay\u00f3 2,5% (en el cuatro trimestre el desplome de la econom\u00eda fue del 6,5%), la inflaci\u00f3n lleg\u00f3 al 47,6% y la desocupaci\u00f3n subi\u00f3 al 9,1% desde el 7,2% de finales del 2017, seg\u00fan datos del propio Indec.<\/p>\n<div id=\"embed9_wrap\" class=\"embed_cont type_freetext no-epigrafe no-copyright\">\n<div id=\"embed9_content\" class=\"embed_content\">\n<div id=\"embed9_embed\">\n<p>Hace unos d\u00edas, el presidente\u00a0<strong><a class=\"agrupador\" href=\"http:\/\/www.ambito.com\/mauricio-macri-a5122674\" rel=\"5122674\">Mauricio Macri<\/a><\/strong>\u00a0afirm\u00f3 que \u201cvamos a tener el mismo nivel de pobreza que cuando asumimos \u201d\u00a0<strong>(29% era a fines de 2015 seg\u00fan los datos relevados por la UCA)<\/strong>, y\u00a0<strong>se excus\u00f3 con que \u201cno promet\u00ed \u2018pobreza cero\u2019, (sino que) es una tendencia a la que tenemos que ir trabajando&#8221;<\/strong>.\u00a0<strong>Lo cierto es que\u00a0<strong class=\"saysCMSEmphasis\">en diciembre de 2018 subi\u00f3 la pobreza respecto del panorama con el que se encontr\u00f3 el jefe de Estado cuando asumi\u00f3.<\/strong><\/strong><\/p>\n<p>El Indec releva 31 conglomerados urbanos, que equivalen al 60% de la poblaci\u00f3n argentina. All\u00ed,\u00a0<strong>la pobreza es del 32% y equivale a<strong class=\"saysCMSEmphasis\">\u00a0casi 9 millones de personas pobres<\/strong>, de las cuales 1,9 millones son indigentes.<\/strong><\/p>\n<p>De acuerdo a diferentes analistas,\u00a0<span id=\"saysCMSEmphasisa1qto4kl8am\" class=\"saysCMSEmphasis\">si se extrapolan los datos a nivel pa\u00eds, hay casi 13 millones de argentinos pobres.<\/span><\/p>\n<p>En tanto, si se lo mira por provincias,<strong>\u00a0Corrientes es la provincia que sufre la situaci\u00f3n m\u00e1s acuciante con la mitad de su poblaci\u00f3n pobre.<\/strong>\u00a0Le siguen Entre R\u00edos, con el 41,9% de pobreza y Chaco, con 41,4%.<\/p>\n<p>Si el ocular reposa en los\u00a0<strong>\u00edndices de indigencia<\/strong>\u00a0(que est\u00e1n incluidos en el total de pobreza), Corrientes sufre la peor situaci\u00f3n con el 13,8% de indigentes. Detr\u00e1s le siguen Chaco con 10,6% y\u00a0<strong>el Gran Buenos Aires con el 8,5%.<\/strong><\/p>\n<p>Las cifras del Instituto Nacional de Estad\u00edstica fueron m\u00e1s altas que las informadas este lunes por el Observatorio de la Deuda Social, que releva la UCA. Para los investigadores de esa casa de altos estudios, la pobreza en Argentina alcanza al 31,3% de la poblaci\u00f3n del pa\u00eds.<\/p>\n<h3><strong>El mapa de la pobreza, por regiones<\/strong><\/h3>\n<p><img loading=\"lazy\" decoding=\"async\" class=\"alignnone size-medium wp-image-26614\" src=\"https:\/\/informateesquina.com\/wp-content\/uploads\/2019\/03\/descarga-154x300.png\" alt=\"\" width=\"154\" height=\"300\" srcset=\"http:\/\/informateesquina.com\/wp-content\/uploads\/2019\/03\/descarga-154x300.png 154w, http:\/\/informateesquina.com\/wp-content\/uploads\/2019\/03\/descarga-524x1024.png 524w, http:\/\/informateesquina.com\/wp-content\/uploads\/2019\/03\/descarga-768x1501.png 768w, http:\/\/informateesquina.com\/wp-content\/uploads\/2019\/03\/descarga-786x1536.png 786w, http:\/\/informateesquina.com\/wp-content\/uploads\/2019\/03\/descarga-1048x2048.png 1048w, http:\/\/informateesquina.com\/wp-content\/uploads\/2019\/03\/descarga.png 1286w\" sizes=\"auto, (max-width: 154px) 100vw, 154px\" \/><\/p>\n<\/div>\n<\/div>\n<\/div>\n<\/div>\n<\/div>\n<\/article>\n<\/div>\n","protected":false},"excerpt":{"rendered":"<p>Creci\u00f3 6,2 puntos respecto del mismo semestre de 2017. A fines de 2015, cuando asumi\u00f3 Macri la presidencia, la pobreza era m\u00e1s baja: rondaba el 29%, seg\u00fan datos de la UCA. El Instituto Nacional de Estad\u00edstica y Censos (INDEC) inform\u00f3 este jueves que la pobreza\u00a0aument\u00f3 al 32%\u00a0en el segundo semestre de 2018,\u00a06,2 puntos porcentuales por [&hellip;]<\/p>\n","protected":false},"author":1,"featured_media":26615,"comment_status":"closed","ping_status":"closed","sticky":false,"template":"","format":"standard","meta":{"footnotes":""},"categories":[7],"tags":[],"class_list":["post-26613","post","type-post","status-publish","format-standard","has-post-thumbnail","hentry","category-nacionales"],"_links":{"self":[{"href":"http:\/\/informateesquina.com\/index.php?rest_route=\/wp\/v2\/posts\/26613","targetHints":{"allow":["GET"]}}],"collection":[{"href":"http:\/\/informateesquina.com\/index.php?rest_route=\/wp\/v2\/posts"}],"about":[{"href":"http:\/\/informateesquina.com\/index.php?rest_route=\/wp\/v2\/types\/post"}],"author":[{"embeddable":true,"href":"http:\/\/informateesquina.com\/index.php?rest_route=\/wp\/v2\/users\/1"}],"replies":[{"embeddable":true,"href":"http:\/\/informateesquina.com\/index.php?rest_route=%2Fwp%2Fv2%2Fcomments&post=26613"}],"version-history":[{"count":0,"href":"http:\/\/informateesquina.com\/index.php?rest_route=\/wp\/v2\/posts\/26613\/revisions"}],"wp:featuredmedia":[{"embeddable":true,"href":"http:\/\/informateesquina.com\/index.php?rest_route=\/wp\/v2\/media\/26615"}],"wp:attachment":[{"href":"http:\/\/informateesquina.com\/index.php?rest_route=%2Fwp%2Fv2%2Fmedia&parent=26613"}],"wp:term":[{"taxonomy":"category","embeddable":true,"href":"http:\/\/informateesquina.com\/index.php?rest_route=%2Fwp%2Fv2%2Fcategories&post=26613"},{"taxonomy":"post_tag","embeddable":true,"href":"http:\/\/informateesquina.com\/index.php?rest_route=%2Fwp%2Fv2%2Ftags&post=26613"}],"curies":[{"name":"wp","href":"https:\/\/api.w.org\/{rel}","templated":true}]}}