{"id":26662,"date":"2019-03-29T17:52:02","date_gmt":"2019-03-29T20:52:02","guid":{"rendered":"https:\/\/informateesquina.com\/?p=26662"},"modified":"2019-03-29T17:52:02","modified_gmt":"2019-03-29T20:52:02","slug":"cordoba-mi-hermano-se-emborracho-lo-violaron-y-lo-trataron-como-a-un-animal","status":"publish","type":"post","link":"http:\/\/informateesquina.com\/?p=26662","title":{"rendered":"C\u00f3rdoba: &#8220;Mi hermano se emborrach\u00f3, lo violaron y lo trataron como a un animal&#8221;"},"content":{"rendered":"<p>El 16 de febrero siete hombres abusaron sexualmente de un joven de 25 a\u00f1os que se encontraba en estado de ebriedad en la localidad cordobesa de Sebasti\u00e1n Elcano. Luego de que un video de la violaci\u00f3n se difundiera por toda la ciudad, la v\u00edctima decidi\u00f3 el 18 de marzo denunciarlos.<\/p>\n<p>Su hermana demostr\u00f3 indignaci\u00f3n ya que todav\u00eda no hay ning\u00fan detenido.\u00a0&#8220;Siguen libres como si nada. Hay un video en el que se puede ver a cuatro de los agresores abusando de mi hermano. Esto deber\u00eda ser prueba suficiente para que ellos tengan su condena&#8221;, lament\u00f3\u00a0la mujer Cadena 3.<\/p>\n<p>La fiscal\u00a0Fabiana Pachettino\u00a0que lleva adelante la causa afirm\u00f3 sobre el episodio: \u201cAlgunos violaron, otros filmaron y algunos incitaban a que el hecho sucediera, seg\u00fan la investigaci\u00f3n inicial\u201d.\u00a0Adem\u00e1s,\u00a0precis\u00f3 y agreg\u00f3 que los acusados no fueron detenidos, pero no descart\u00f3 arrestos y m\u00e1s imputaciones.<\/p>\n<p>De esta manera la fiscal est\u00e1 esperando los resultados de los peritajes practicados a los tel\u00e9fonos celulares y para determinar el grado de participaci\u00f3n de cada uno en el hecho que investiga. &#8220;\u00c9l se junta con conocidos a tomar. Mi hermano se pone en estado de ebriedad. No puede mantenerse en pie. Y estas personas se aprovechan para cometer lo que cometieron, el delito&#8221;, comienza a relatar la joven.<\/p>\n<p>&#8220;Lo atan de las manos, se burlan, lo tratan como que es un cordero, como si hacer lo que le hicieron a \u00e9l y hac\u00e9rselo a un animal es lo mismo. Se ve a cuatro personas imputadas, las tres que est\u00e1n ah\u00ed y la que filma&#8221;, indic\u00f3. &#8220;Es lo poco que puedo contar de lo que se ve en el video. \u00c9l pide que lo suelten porque le est\u00e1n haciendo mal a la espalda y el brazo, grita. Una persona le baja los pantalones, le pega chirlos (&#8230;)&#8221;, explic\u00f3.<\/p>\n<p>&#8220;Y en base a eso, despu\u00e9s no conformes, no s\u00e9 qu\u00e9 m\u00e1s habr\u00e1 pasado. En la comisar\u00eda se explay\u00f3 un poco m\u00e1s, con nosotros no, porque entiendo que debe tener una verg\u00fcenza grande&#8221;,\u00a0destac\u00f3. Adem\u00e1s, la mujer se\u00f1al\u00f3 es que los abusadores son\u00a0&#8220;conocidos&#8221;\u00a0del pueblo &#8220;de toda la vida&#8221; y &#8220;son todos mayores de edad&#8221;, el mayor, de unos 50 a\u00f1os.<\/p>\n<p>Despu\u00e9s de lo sucedido, uno de los acusados lo llev\u00f3 a la casa de la madre del joven, a la que le manifest\u00f3 que el muchacho se hab\u00eda &#8220;ca\u00eddo de la bici&#8221;. &#8216;Lo traemos ac\u00e1 porque se cay\u00f3 de la bici. Es un buen chico, pero cuando se chupa se pierde'&#8221;, dijo la hermana que argument\u00f3 quien lo llev\u00f3 en ese momento.<\/p>\n","protected":false},"excerpt":{"rendered":"<p>El 16 de febrero siete hombres abusaron sexualmente de un joven de 25 a\u00f1os que se encontraba en estado de ebriedad en la localidad cordobesa de Sebasti\u00e1n Elcano. Luego de que un video de la violaci\u00f3n se difundiera por toda la ciudad, la v\u00edctima decidi\u00f3 el 18 de marzo denunciarlos. Su hermana demostr\u00f3 indignaci\u00f3n ya [&hellip;]<\/p>\n","protected":false},"author":1,"featured_media":26663,"comment_status":"closed","ping_status":"closed","sticky":false,"template":"","format":"standard","meta":{"footnotes":""},"categories":[8],"tags":[],"class_list":["post-26662","post","type-post","status-publish","format-standard","has-post-thumbnail","hentry","category-policiales"],"_links":{"self":[{"href":"http:\/\/informateesquina.com\/index.php?rest_route=\/wp\/v2\/posts\/26662","targetHints":{"allow":["GET"]}}],"collection":[{"href":"http:\/\/informateesquina.com\/index.php?rest_route=\/wp\/v2\/posts"}],"about":[{"href":"http:\/\/informateesquina.com\/index.php?rest_route=\/wp\/v2\/types\/post"}],"author":[{"embeddable":true,"href":"http:\/\/informateesquina.com\/index.php?rest_route=\/wp\/v2\/users\/1"}],"replies":[{"embeddable":true,"href":"http:\/\/informateesquina.com\/index.php?rest_route=%2Fwp%2Fv2%2Fcomments&post=26662"}],"version-history":[{"count":0,"href":"http:\/\/informateesquina.com\/index.php?rest_route=\/wp\/v2\/posts\/26662\/revisions"}],"wp:featuredmedia":[{"embeddable":true,"href":"http:\/\/informateesquina.com\/index.php?rest_route=\/wp\/v2\/media\/26663"}],"wp:attachment":[{"href":"http:\/\/informateesquina.com\/index.php?rest_route=%2Fwp%2Fv2%2Fmedia&parent=26662"}],"wp:term":[{"taxonomy":"category","embeddable":true,"href":"http:\/\/informateesquina.com\/index.php?rest_route=%2Fwp%2Fv2%2Fcategories&post=26662"},{"taxonomy":"post_tag","embeddable":true,"href":"http:\/\/informateesquina.com\/index.php?rest_route=%2Fwp%2Fv2%2Ftags&post=26662"}],"curies":[{"name":"wp","href":"https:\/\/api.w.org\/{rel}","templated":true}]}}