{"id":27211,"date":"2019-04-20T23:15:02","date_gmt":"2019-04-21T02:15:02","guid":{"rendered":"https:\/\/informateesquina.com\/?p=27211"},"modified":"2019-04-20T23:15:02","modified_gmt":"2019-04-21T02:15:02","slug":"primer-spot-de-campana-de-carrio-no-crean-que-el-pasado-fue-mejor-porque-el-pasado-es-la-esclavitud-y-la-mentira","status":"publish","type":"post","link":"http:\/\/informateesquina.com\/?p=27211","title":{"rendered":"Primer spot de campa\u00f1a de Carri\u00f3: &#8220;No crean que el pasado fue mejor, porque el pasado es la esclavitud y la mentira&#8221;"},"content":{"rendered":"<p style=\"text-align: center;\"><strong><em>La l\u00edder de la Coalici\u00f3n C\u00edvica dej\u00f3 las cr\u00edticas al Gobierno para apoyar a los candidatos de Cambiemos. Viaja a C\u00f3rdoba y Santa Fe.<\/em><\/strong><\/p>\n<p>&nbsp;<\/p>\n<p>Con un video de minuto y 35 segundos, que desde el mediod\u00eda de este s\u00e1bado Cambiemos difunde en las redes sociales, la diputada Elisa Carri\u00f3 rompe el silencio despu\u00e9s de los anuncios del Gobierno nacional y en medio de la crisis econ\u00f3mica. La l\u00edder de la Coalici\u00f3n C\u00edvica grab\u00f3 el primer spot de la campa\u00f1a electoral con un mensaje sin cr\u00edticas al Gobierno: &#8220;Soy consciente que estamos pagando enormes costos por todo lo que nos robaron&#8221;.<\/p>\n<p>Es en la previa de sus viajes a Santa Fe y C\u00f3rdoba para apoyar a los candidatos de Cambiemos, Jos\u00e9 Corral y Mario Negri. &#8220;Nosotros construimos entre todos, ustedes y nosotros, un milagro que es salir de un Gobierno autoritario que iba a ser Venezuela, y donde \u00edbamos a padecer hambre, corrupci\u00f3n, inseguridad, por v\u00eda de elecciones y pac\u00edficamente&#8221;, arranca el video de Elisa Carri\u00f3 que tiene los colores de Cambiemos en los extremos.<\/p>\n<p>La diputada hab\u00eda monitoreado desde su casa en Exaltaci\u00f3n de la Cruz los anuncios presidenciales. Antes de que se conocieran las medidas\u00a0fue consultada e informada desde la Casa Rosada.<\/p>\n<p>Es que Macri ya se llev\u00f3 m\u00e1s de un disgusto cuando el Gobierno lanz\u00f3 medidas de las que Carri\u00f3 no estaba anoticiada. El caso m\u00e1s resonante fue cuando se opuso al protocolo de seguridad que implement\u00f3 Patricia Bullrich: &#8220;No vamos a ir al fascismo&#8221;, retruc\u00f3 entonces Carri\u00f3.<\/p>\n<p>Sin embargo, en el primer spot de campa\u00f1a se mostr\u00f3 totalmente alineada. &#8220;Estamos pasando el momento m\u00e1s dif\u00edcil de esta historia de salida. Porque cuando uno sale a la libertad, la libertad es un trabajo. Yo soy consciente que estamos pagando enormes costos por todo lo que nos robaron, pero\u00a0no hay otra salida&#8221;, contin\u00faa Carri\u00f3 en un discurso\u00a0sin fisuras o cr\u00edticas a las pol\u00edticas econ\u00f3micas como supo marcar antes.<\/p>\n<p>&#8220;Miren, no vuelvan al fara\u00f3n. No crean que el pasado fue mejor, porque el pasado es la esclavitud y la mentira&#8221;, remarc\u00f3 una de las fundadoras de Cambiemos, que grab\u00f3 el video durante la semana en el Instituto Hannah Arendt.<\/p>\n<p>&#8220;Entonces, tengamos confianza. Yo\u00a0estoy segura de que en octubre vamos a estar mejor, no del todo bien, porque cuando se rob\u00f3 por dos generaciones falta una generaci\u00f3n para reconstruir la Naci\u00f3n. Pero lo estamos haciendo. Hemos dejado la vida por esto. Ustedes saben que yo no tengo ning\u00fan inter\u00e9s personal, ninguno. Pero voy a estar con ustedes toda la vida en la lucha contra la corrupci\u00f3n para que no nos roben m\u00e1s, para que tengamos una Rep\u00fablica, para que tengamos prosperidad y para que tengamos paz&#8221;, agreg\u00f3 Carri\u00f3 que ir\u00e1 a C\u00f3rdoba y Santa Fe acompa\u00f1ada del presidente de la Coalici\u00f3n C\u00edvica y legislador porte\u00f1o, Maximiliano Ferraro; la diputada provincial Maricel Etchecoin; la diputada del Parlasur, Mariana Zuvic; y el ex vicejefe de Gabinete, Mario Quintana.<\/p>\n<p>&#8220;As\u00ed que aunque no nos gusten muchas cosas tenemos que hacer la fuerza necesaria para parir una gran Naci\u00f3n&#8221;, concluy\u00f3 el spot Carri\u00f3, en el que despu\u00e9s aparece la firma &#8220;Cambiando Juntos, Cambiemos&#8221;.<\/p>\n<p>&nbsp;<\/p>\n<p>FUENTE: www.clarin.com<\/p>\n<p>&nbsp;<\/p>\n","protected":false},"excerpt":{"rendered":"<p>La l\u00edder de la Coalici\u00f3n C\u00edvica dej\u00f3 las cr\u00edticas al Gobierno para apoyar a los candidatos de Cambiemos. Viaja a C\u00f3rdoba y Santa Fe. &nbsp; Con un video de minuto y 35 segundos, que desde el mediod\u00eda de este s\u00e1bado Cambiemos difunde en las redes sociales, la diputada Elisa Carri\u00f3 rompe el silencio despu\u00e9s de [&hellip;]<\/p>\n","protected":false},"author":1,"featured_media":27213,"comment_status":"closed","ping_status":"closed","sticky":false,"template":"","format":"standard","meta":{"footnotes":""},"categories":[7,9],"tags":[136],"class_list":["post-27211","post","type-post","status-publish","format-standard","has-post-thumbnail","hentry","category-nacionales","category-politica","tag-destacados"],"_links":{"self":[{"href":"http:\/\/informateesquina.com\/index.php?rest_route=\/wp\/v2\/posts\/27211","targetHints":{"allow":["GET"]}}],"collection":[{"href":"http:\/\/informateesquina.com\/index.php?rest_route=\/wp\/v2\/posts"}],"about":[{"href":"http:\/\/informateesquina.com\/index.php?rest_route=\/wp\/v2\/types\/post"}],"author":[{"embeddable":true,"href":"http:\/\/informateesquina.com\/index.php?rest_route=\/wp\/v2\/users\/1"}],"replies":[{"embeddable":true,"href":"http:\/\/informateesquina.com\/index.php?rest_route=%2Fwp%2Fv2%2Fcomments&post=27211"}],"version-history":[{"count":0,"href":"http:\/\/informateesquina.com\/index.php?rest_route=\/wp\/v2\/posts\/27211\/revisions"}],"wp:featuredmedia":[{"embeddable":true,"href":"http:\/\/informateesquina.com\/index.php?rest_route=\/wp\/v2\/media\/27213"}],"wp:attachment":[{"href":"http:\/\/informateesquina.com\/index.php?rest_route=%2Fwp%2Fv2%2Fmedia&parent=27211"}],"wp:term":[{"taxonomy":"category","embeddable":true,"href":"http:\/\/informateesquina.com\/index.php?rest_route=%2Fwp%2Fv2%2Fcategories&post=27211"},{"taxonomy":"post_tag","embeddable":true,"href":"http:\/\/informateesquina.com\/index.php?rest_route=%2Fwp%2Fv2%2Ftags&post=27211"}],"curies":[{"name":"wp","href":"https:\/\/api.w.org\/{rel}","templated":true}]}}