{"id":27216,"date":"2019-04-22T13:32:53","date_gmt":"2019-04-22T16:32:53","guid":{"rendered":"https:\/\/informateesquina.com\/?p=27216"},"modified":"2019-04-22T13:32:53","modified_gmt":"2019-04-22T16:32:53","slug":"desde-este-jueves-se-pagan-los-sueldos-de-abril-para-la-administracion-publica-provincial","status":"publish","type":"post","link":"http:\/\/informateesquina.com\/?p=27216","title":{"rendered":"Desde este jueves se pagan los sueldos de abril para la Administraci\u00f3n p\u00fablica provincial"},"content":{"rendered":"<p style=\"text-align: center;\"><strong><em>Desde este jueves 25, se comenzar\u00e1 a abonar los sueldos correspondientes a abril para los trabajadores de la Administraci\u00f3n p\u00fablica provincial. En tanto que la liquidaci\u00f3n continuar\u00e1 este viernes 26 y finalizar\u00e1 el lunes 29 de abril, aunque este \u00faltimo tramo estar\u00e1 disponible desde este s\u00e1bado 27 en los Cajeros Autom\u00e1ticos habilitados por el Banco de Corrientes.<\/em><\/strong><\/p>\n<p style=\"font-weight: 400;\">\n","protected":false},"excerpt":{"rendered":"<p>Desde este jueves 25, se comenzar\u00e1 a abonar los sueldos correspondientes a abril para los trabajadores de la Administraci\u00f3n p\u00fablica provincial. En tanto que la liquidaci\u00f3n continuar\u00e1 este viernes 26 y finalizar\u00e1 el lunes 29 de abril, aunque este \u00faltimo tramo estar\u00e1 disponible desde este s\u00e1bado 27 en los Cajeros Autom\u00e1ticos habilitados por el Banco [&hellip;]<\/p>\n","protected":false},"author":1,"featured_media":27217,"comment_status":"closed","ping_status":"closed","sticky":false,"template":"","format":"standard","meta":{"footnotes":""},"categories":[10],"tags":[136],"class_list":["post-27216","post","type-post","status-publish","format-standard","has-post-thumbnail","hentry","category-provinciales","tag-destacados"],"_links":{"self":[{"href":"http:\/\/informateesquina.com\/index.php?rest_route=\/wp\/v2\/posts\/27216","targetHints":{"allow":["GET"]}}],"collection":[{"href":"http:\/\/informateesquina.com\/index.php?rest_route=\/wp\/v2\/posts"}],"about":[{"href":"http:\/\/informateesquina.com\/index.php?rest_route=\/wp\/v2\/types\/post"}],"author":[{"embeddable":true,"href":"http:\/\/informateesquina.com\/index.php?rest_route=\/wp\/v2\/users\/1"}],"replies":[{"embeddable":true,"href":"http:\/\/informateesquina.com\/index.php?rest_route=%2Fwp%2Fv2%2Fcomments&post=27216"}],"version-history":[{"count":0,"href":"http:\/\/informateesquina.com\/index.php?rest_route=\/wp\/v2\/posts\/27216\/revisions"}],"wp:featuredmedia":[{"embeddable":true,"href":"http:\/\/informateesquina.com\/index.php?rest_route=\/wp\/v2\/media\/27217"}],"wp:attachment":[{"href":"http:\/\/informateesquina.com\/index.php?rest_route=%2Fwp%2Fv2%2Fmedia&parent=27216"}],"wp:term":[{"taxonomy":"category","embeddable":true,"href":"http:\/\/informateesquina.com\/index.php?rest_route=%2Fwp%2Fv2%2Fcategories&post=27216"},{"taxonomy":"post_tag","embeddable":true,"href":"http:\/\/informateesquina.com\/index.php?rest_route=%2Fwp%2Fv2%2Ftags&post=27216"}],"curies":[{"name":"wp","href":"https:\/\/api.w.org\/{rel}","templated":true}]}}