{"id":27280,"date":"2019-04-24T09:31:10","date_gmt":"2019-04-24T12:31:10","guid":{"rendered":"https:\/\/informateesquina.com\/?p=27280"},"modified":"2019-04-24T09:31:10","modified_gmt":"2019-04-24T12:31:10","slug":"incendio-causo-danos-en-el-predio-del-gauchito-gil-en-mercedes","status":"publish","type":"post","link":"http:\/\/informateesquina.com\/?p=27280","title":{"rendered":"Incendi\u00f3 caus\u00f3 da\u00f1os en el predio del Gauchito Gil en Mercedes"},"content":{"rendered":"<div class=\"col-md-12\">\n<p>Una explosi\u00f3n habr\u00eda causado el foco \u00edgneo que destruy\u00f3 parte del predio del Gauchito Gil. El hecho se origin\u00f3 ayer cerca de las 23, aparentemente por un cortocircuito. Bomberos de inmediato se hicieron presentes en el lugar y no hubo que lamentar v\u00edctimas. Solo da\u00f1os materiales.<\/p>\n<\/div>\n<p>Las llamas consumieron una de las construcciones en el ingreso al santuario del Gauchito Gil en Mercedes. Tres dotaciones de bomberos trabajaron para evitar que el fuego se propague.<\/p>\n<p>\u201cEl incendio se dio en una casilla de fabricaci\u00f3n muy precaria y de madera. Con instalaciones el\u00e9ctricas tambi\u00e9n muy precarias. Hab\u00eda un poco de viento en el lugar as\u00ed que de la casilla no qued\u00f3 nada. En un 80% se quem\u00f3\u201d, explic\u00f3 el Comisario Juan Barber\u00e1n, responsable de la Seccional Tercera de Mercedes.<\/p>\n<p>\u201cSolo hubo da\u00f1os materiales. No hab\u00eda nadie en la casilla. Los due\u00f1os son de Buenos Aires y ya nos pusimos en contacto con ellos. Hab\u00eda dos freezers dentro que se quemaron\u201d, agreg\u00f3.<\/p>\n<p>Fuentes policiales informaron que el incendio pudo haberse originado por un cortocircuito.<\/p>\n<p>Fuente: Diario \u00c9poca.<\/p>\n<p>pH: Tu Mercedes<\/p>\n<p><img loading=\"lazy\" decoding=\"async\" class=\"alignnone size-medium wp-image-27282\" src=\"https:\/\/informateesquina.com\/wp-content\/uploads\/2019\/04\/tebe9bc91e38bf10b623b8a7412dd1dda19c27cd7-300x219.png\" alt=\"\" width=\"300\" height=\"219\" \/> <img loading=\"lazy\" decoding=\"async\" class=\"alignnone size-medium wp-image-27283\" src=\"https:\/\/informateesquina.com\/wp-content\/uploads\/2019\/04\/tb89021e8840726026c19f20779271921a7f2408c-300x200.png\" alt=\"\" width=\"300\" height=\"200\" \/> <img loading=\"lazy\" decoding=\"async\" class=\"alignnone size-medium wp-image-27284\" src=\"https:\/\/informateesquina.com\/wp-content\/uploads\/2019\/04\/t6c2889bd9bb6fb2f3330e96c35f90b9d0a037983-1-300x225.png\" alt=\"\" width=\"300\" height=\"225\" \/> <img loading=\"lazy\" decoding=\"async\" class=\"alignnone size-medium wp-image-27285\" src=\"https:\/\/informateesquina.com\/wp-content\/uploads\/2019\/04\/teed2debb73734c9da34f6f1b8a48d1d12f78da11-300x204.png\" alt=\"\" width=\"300\" height=\"204\" \/><\/p>\n<div class=\"audios-desarrollo encuerpo\">\n<div id=\"wvideo0\" class=\"jwplayer playlist-none\" tabindex=\"0\">\n<div id=\"wvideo0_display\" class=\"jwdisplay\" style=\"text-align: left;\"><\/div>\n<\/div>\n<\/div>\n","protected":false},"excerpt":{"rendered":"<p>Una explosi\u00f3n habr\u00eda causado el foco \u00edgneo que destruy\u00f3 parte del predio del Gauchito Gil. El hecho se origin\u00f3 ayer cerca de las 23, aparentemente por un cortocircuito. Bomberos de inmediato se hicieron presentes en el lugar y no hubo que lamentar v\u00edctimas. Solo da\u00f1os materiales. Las llamas consumieron una de las construcciones en el [&hellip;]<\/p>\n","protected":false},"author":1,"featured_media":27281,"comment_status":"closed","ping_status":"closed","sticky":false,"template":"","format":"standard","meta":{"footnotes":""},"categories":[8],"tags":[],"class_list":["post-27280","post","type-post","status-publish","format-standard","has-post-thumbnail","hentry","category-policiales"],"_links":{"self":[{"href":"http:\/\/informateesquina.com\/index.php?rest_route=\/wp\/v2\/posts\/27280","targetHints":{"allow":["GET"]}}],"collection":[{"href":"http:\/\/informateesquina.com\/index.php?rest_route=\/wp\/v2\/posts"}],"about":[{"href":"http:\/\/informateesquina.com\/index.php?rest_route=\/wp\/v2\/types\/post"}],"author":[{"embeddable":true,"href":"http:\/\/informateesquina.com\/index.php?rest_route=\/wp\/v2\/users\/1"}],"replies":[{"embeddable":true,"href":"http:\/\/informateesquina.com\/index.php?rest_route=%2Fwp%2Fv2%2Fcomments&post=27280"}],"version-history":[{"count":0,"href":"http:\/\/informateesquina.com\/index.php?rest_route=\/wp\/v2\/posts\/27280\/revisions"}],"wp:featuredmedia":[{"embeddable":true,"href":"http:\/\/informateesquina.com\/index.php?rest_route=\/wp\/v2\/media\/27281"}],"wp:attachment":[{"href":"http:\/\/informateesquina.com\/index.php?rest_route=%2Fwp%2Fv2%2Fmedia&parent=27280"}],"wp:term":[{"taxonomy":"category","embeddable":true,"href":"http:\/\/informateesquina.com\/index.php?rest_route=%2Fwp%2Fv2%2Fcategories&post=27280"},{"taxonomy":"post_tag","embeddable":true,"href":"http:\/\/informateesquina.com\/index.php?rest_route=%2Fwp%2Fv2%2Ftags&post=27280"}],"curies":[{"name":"wp","href":"https:\/\/api.w.org\/{rel}","templated":true}]}}