{"id":27287,"date":"2019-04-24T10:09:42","date_gmt":"2019-04-24T13:09:42","guid":{"rendered":"https:\/\/informateesquina.com\/?p=27287"},"modified":"2019-04-24T10:09:42","modified_gmt":"2019-04-24T13:09:42","slug":"se-inauguro-la-calle-artista-plastico-carlos-longa","status":"publish","type":"post","link":"http:\/\/informateesquina.com\/?p=27287","title":{"rendered":"Se inaugur\u00f3 la calle artista pl\u00e1stico Carlos Longa"},"content":{"rendered":"<p>Familiares del mismo se hicieron presentes para dar inicio a la jornada con el descubrimiento del cartel de se\u00f1alizacion donde se origina \u00e9sta calle y por esta misma v\u00eda finaliz\u00f3 en un emotivo acto central realizado en la Escuela Secundaria Dalma Lemos de Mancini.<\/p>\n<p>En su oratoria el Intendente celebr\u00f3 el proyecto de ordenanza del Sr Quito Gonz\u00e1lez e invit\u00f3 con \u00e9sta iniciativa a nombrar mas calles que a\u00fan carecen de nombres en reconocimiento de tantos Esquinenses.<\/p>\n","protected":false},"excerpt":{"rendered":"<p>Familiares del mismo se hicieron presentes para dar inicio a la jornada con el descubrimiento del cartel de se\u00f1alizacion donde se origina \u00e9sta calle y por esta misma v\u00eda finaliz\u00f3 en un emotivo acto central realizado en la Escuela Secundaria Dalma Lemos de Mancini. En su oratoria el Intendente celebr\u00f3 el proyecto de ordenanza del [&hellip;]<\/p>\n","protected":false},"author":1,"featured_media":27288,"comment_status":"closed","ping_status":"closed","sticky":false,"template":"","format":"standard","meta":{"footnotes":""},"categories":[6],"tags":[],"class_list":["post-27287","post","type-post","status-publish","format-standard","has-post-thumbnail","hentry","category-locales"],"_links":{"self":[{"href":"http:\/\/informateesquina.com\/index.php?rest_route=\/wp\/v2\/posts\/27287","targetHints":{"allow":["GET"]}}],"collection":[{"href":"http:\/\/informateesquina.com\/index.php?rest_route=\/wp\/v2\/posts"}],"about":[{"href":"http:\/\/informateesquina.com\/index.php?rest_route=\/wp\/v2\/types\/post"}],"author":[{"embeddable":true,"href":"http:\/\/informateesquina.com\/index.php?rest_route=\/wp\/v2\/users\/1"}],"replies":[{"embeddable":true,"href":"http:\/\/informateesquina.com\/index.php?rest_route=%2Fwp%2Fv2%2Fcomments&post=27287"}],"version-history":[{"count":0,"href":"http:\/\/informateesquina.com\/index.php?rest_route=\/wp\/v2\/posts\/27287\/revisions"}],"wp:featuredmedia":[{"embeddable":true,"href":"http:\/\/informateesquina.com\/index.php?rest_route=\/wp\/v2\/media\/27288"}],"wp:attachment":[{"href":"http:\/\/informateesquina.com\/index.php?rest_route=%2Fwp%2Fv2%2Fmedia&parent=27287"}],"wp:term":[{"taxonomy":"category","embeddable":true,"href":"http:\/\/informateesquina.com\/index.php?rest_route=%2Fwp%2Fv2%2Fcategories&post=27287"},{"taxonomy":"post_tag","embeddable":true,"href":"http:\/\/informateesquina.com\/index.php?rest_route=%2Fwp%2Fv2%2Ftags&post=27287"}],"curies":[{"name":"wp","href":"https:\/\/api.w.org\/{rel}","templated":true}]}}