{"id":27297,"date":"2019-04-24T18:16:10","date_gmt":"2019-04-24T21:16:10","guid":{"rendered":"https:\/\/informateesquina.com\/?p=27297"},"modified":"2019-04-24T18:16:10","modified_gmt":"2019-04-24T21:16:10","slug":"exitoso-remate-de-pequenos-y-medianos-productores-en-esquina","status":"publish","type":"post","link":"http:\/\/informateesquina.com\/?p=27297","title":{"rendered":"Exitoso remate de peque\u00f1os y medianos productores en Esquina"},"content":{"rendered":"<p>Organizado por el Gobierno provincial a trav\u00e9s del Instituto de Desarrollo Rural de Corrientes (IDERCOR), este mi\u00e9rcoles se realiz\u00f3 la 10\u00b0 edici\u00f3n del Remate de Peque\u00f1os y Medianos Productores de Esquina, el cual tendr\u00e1 lugar en el predio de la Sociedad Rural de la localidad.<\/p>\n<p>La delegada en Esquina del Ministerio de Producci\u00f3n de la Provincia, Miriam Oviedo, dialog\u00f3 con Informate Esquina y coment\u00f3 que participaron 50 peque\u00f1os productores y comercializaron 1360 cabezas.<\/p>\n<p style=\"text-align: left;\">\nTambi\u00e9n recalc\u00f3 que el Estado se hace cargo de todos los gastos de comercializaci\u00f3n, reintegra el total del flete que traslada a los animales al lugar, entre otras cosas, mientras que el productor obtiene el total del valor al que vende su hacienda.<\/p>\n","protected":false},"excerpt":{"rendered":"<p>Organizado por el Gobierno provincial a trav\u00e9s del Instituto de Desarrollo Rural de Corrientes (IDERCOR), este mi\u00e9rcoles se realiz\u00f3 la 10\u00b0 edici\u00f3n del Remate de Peque\u00f1os y Medianos Productores de Esquina, el cual tendr\u00e1 lugar en el predio de la Sociedad Rural de la localidad. La delegada en Esquina del Ministerio de Producci\u00f3n de la [&hellip;]<\/p>\n","protected":false},"author":1,"featured_media":27298,"comment_status":"closed","ping_status":"closed","sticky":false,"template":"","format":"standard","meta":{"footnotes":""},"categories":[6],"tags":[],"class_list":["post-27297","post","type-post","status-publish","format-standard","has-post-thumbnail","hentry","category-locales"],"_links":{"self":[{"href":"http:\/\/informateesquina.com\/index.php?rest_route=\/wp\/v2\/posts\/27297","targetHints":{"allow":["GET"]}}],"collection":[{"href":"http:\/\/informateesquina.com\/index.php?rest_route=\/wp\/v2\/posts"}],"about":[{"href":"http:\/\/informateesquina.com\/index.php?rest_route=\/wp\/v2\/types\/post"}],"author":[{"embeddable":true,"href":"http:\/\/informateesquina.com\/index.php?rest_route=\/wp\/v2\/users\/1"}],"replies":[{"embeddable":true,"href":"http:\/\/informateesquina.com\/index.php?rest_route=%2Fwp%2Fv2%2Fcomments&post=27297"}],"version-history":[{"count":0,"href":"http:\/\/informateesquina.com\/index.php?rest_route=\/wp\/v2\/posts\/27297\/revisions"}],"wp:featuredmedia":[{"embeddable":true,"href":"http:\/\/informateesquina.com\/index.php?rest_route=\/wp\/v2\/media\/27298"}],"wp:attachment":[{"href":"http:\/\/informateesquina.com\/index.php?rest_route=%2Fwp%2Fv2%2Fmedia&parent=27297"}],"wp:term":[{"taxonomy":"category","embeddable":true,"href":"http:\/\/informateesquina.com\/index.php?rest_route=%2Fwp%2Fv2%2Fcategories&post=27297"},{"taxonomy":"post_tag","embeddable":true,"href":"http:\/\/informateesquina.com\/index.php?rest_route=%2Fwp%2Fv2%2Ftags&post=27297"}],"curies":[{"name":"wp","href":"https:\/\/api.w.org\/{rel}","templated":true}]}}