{"id":27303,"date":"2019-04-24T22:21:31","date_gmt":"2019-04-25T01:21:31","guid":{"rendered":"https:\/\/informateesquina.com\/?p=27303"},"modified":"2019-04-24T22:21:31","modified_gmt":"2019-04-25T01:21:31","slug":"quizas-en-dos-anos-mas-justicialistas-se-sumen-a-eco","status":"publish","type":"post","link":"http:\/\/informateesquina.com\/?p=27303","title":{"rendered":"&#8220;Quiz\u00e1s en dos a\u00f1os m\u00e1s justicialistas se sumen a ECO&#8221;"},"content":{"rendered":"<p>El senador provincial y presidente de la UCR provincial, Ricardo Colombi, fue entrevistado por el periodista Marcelo Ben\u00edtez y brind\u00f3 un panorama de las actividades de la alianza, de cara a las elecciones de 2019.<br \/>\n\u201cSe van a estar renovando las concejal\u00edas hoy vamos a estar dentro de la diagramaci\u00f3n de la campa\u00f1a en Esquina, Libertador y San Isidro. Ma\u00f1ana estaremos en Sauce, Goya y Curuz\u00fa Cuati\u00e1 porque Eco va a estar llegando a cada uno de los municipios de la provincia\u201d, coment\u00f3.<br \/>\nEste a\u00f1o Eco cont\u00f3 con dos sorpresivos aliados: el Partido Liberal y el Partido Autonomista, pero adem\u00e1s el espacio est\u00e1 conformado por 25 partidos, sin dudas un n\u00famero importante.<br \/>\n\u00bfC\u00f3mo hacer para congeniar tantos espacios en una misma alianza? \u00bfC\u00f3mo la oposici\u00f3n no puede unirse? \u201cLa peque\u00f1a mucha o mediana inteligencia que tenemos la tenemos que saber utilizar como corresponde. El hombre es el \u00fanico que tropieza dos veces con la misma piedra, nosotros no queremos seguir tropezando\u201d, se\u00f1al\u00f3 Colombi.<br \/>\n\u201cReconozco que tuvimos errores que nos llev\u00f3 a perder en muchos municipios, yo hablo desde la experiencia, cuando tomamos el camino equivocado la gente nos castig\u00f3 con los votos, ah\u00ed est\u00e1 la inteligencia de saber reconocer y adaptarse a las circunstancias\u201d.<br \/>\n\u201cTenemos 5 o 6 justicialistas incluso uno de ellos integra la lista, capaz dentro de dos a\u00f1os tenemos m\u00e1s justicialistas que quieran ser socios, las puertas est\u00e1n abiertas y estamos trabajando en eso\u201d, subray\u00f3.<\/p>\n","protected":false},"excerpt":{"rendered":"<p>El senador provincial y presidente de la UCR provincial, Ricardo Colombi, fue entrevistado por el periodista Marcelo Ben\u00edtez y brind\u00f3 un panorama de las actividades de la alianza, de cara a las elecciones de 2019. \u201cSe van a estar renovando las concejal\u00edas hoy vamos a estar dentro de la diagramaci\u00f3n de la campa\u00f1a en Esquina, [&hellip;]<\/p>\n","protected":false},"author":1,"featured_media":27304,"comment_status":"closed","ping_status":"closed","sticky":false,"template":"","format":"standard","meta":{"footnotes":""},"categories":[6,9],"tags":[],"class_list":["post-27303","post","type-post","status-publish","format-standard","has-post-thumbnail","hentry","category-locales","category-politica"],"_links":{"self":[{"href":"http:\/\/informateesquina.com\/index.php?rest_route=\/wp\/v2\/posts\/27303","targetHints":{"allow":["GET"]}}],"collection":[{"href":"http:\/\/informateesquina.com\/index.php?rest_route=\/wp\/v2\/posts"}],"about":[{"href":"http:\/\/informateesquina.com\/index.php?rest_route=\/wp\/v2\/types\/post"}],"author":[{"embeddable":true,"href":"http:\/\/informateesquina.com\/index.php?rest_route=\/wp\/v2\/users\/1"}],"replies":[{"embeddable":true,"href":"http:\/\/informateesquina.com\/index.php?rest_route=%2Fwp%2Fv2%2Fcomments&post=27303"}],"version-history":[{"count":0,"href":"http:\/\/informateesquina.com\/index.php?rest_route=\/wp\/v2\/posts\/27303\/revisions"}],"wp:featuredmedia":[{"embeddable":true,"href":"http:\/\/informateesquina.com\/index.php?rest_route=\/wp\/v2\/media\/27304"}],"wp:attachment":[{"href":"http:\/\/informateesquina.com\/index.php?rest_route=%2Fwp%2Fv2%2Fmedia&parent=27303"}],"wp:term":[{"taxonomy":"category","embeddable":true,"href":"http:\/\/informateesquina.com\/index.php?rest_route=%2Fwp%2Fv2%2Fcategories&post=27303"},{"taxonomy":"post_tag","embeddable":true,"href":"http:\/\/informateesquina.com\/index.php?rest_route=%2Fwp%2Fv2%2Ftags&post=27303"}],"curies":[{"name":"wp","href":"https:\/\/api.w.org\/{rel}","templated":true}]}}