{"id":27315,"date":"2019-04-25T11:07:45","date_gmt":"2019-04-25T14:07:45","guid":{"rendered":"https:\/\/informateesquina.com\/?p=27315"},"modified":"2019-04-25T11:07:45","modified_gmt":"2019-04-25T14:07:45","slug":"jueves-y-domingo-habra-campeonato-provincial-de-selecciones-de-futsal-en-esquina","status":"publish","type":"post","link":"http:\/\/informateesquina.com\/?p=27315","title":{"rendered":"Jueves y domingo habr\u00e1 campeonato provincial de selecciones de Futsal en Esquina"},"content":{"rendered":"<div class=\"post_header_wrapper\">\n<div class=\"post_header\">\n<p>A pocos d\u00edas de comenzar con el campeonato provincial con participaci\u00f3n de ocho selecciones en categor\u00edas mayores y seis en categor\u00eda\u00a0 c20, Eduardo Pellegrini, presidente del Futsal de Esquina, habl\u00f3 con nosotros para comentarnos m\u00e1s sobre c\u00f3mo se vienen preparando.<\/p>\n<\/div>\n<\/div>\n<div class=\"post_inner_wrapper\">\n<p>El d\u00eda jueves se estar\u00e1 dando inicio al campeonato, en la Sociedad Sportiva Esquinense por la ma\u00f1ana de 9:00 a 12:00 con categor\u00eda c20 y, en horas de la tarde a partir de las 19:00 con categor\u00eda de mayores, seg\u00fan nos dec\u00eda Eduardo Pellegrini.<\/p>\n<p><em>\u201cLa idea es que, al ser de selecciones, jueguen un solo partido por d\u00eda para que los chicos puedan recuperarse\u201d,\u00a0<\/em>dec\u00eda Eduardo.<\/p>\n<p>Los equipos participantes son Saladas, Mercedes, Bella Vista, Pasos de los Libres, Itat\u00ed, San Cosme, Ituzaing\u00f3 y Esquina.<\/p>\n<p><em>\u201cMa\u00f1ana estar\u00e1 llegando el t\u00e9cnico de selecci\u00f3n de la Federaci\u00f3n, el cual va a estar sacando los jugadores para jugar el mes que viene en Posadas en selecciones mayores\u201d.<\/em><\/p>\n<p>Eduardo tambi\u00e9n manifest\u00f3 durante la charla que siempre se encuentran trabajando para mejorar y superarse dentro de las posibilidades, llegando a los torneos y con los t\u00e9cnicos de buen nivel.<\/p>\n<p>Coment\u00f3 que buscan, adem\u00e1s, ir por el ascenso para reivindicar la situaci\u00f3n que tuvieron el a\u00f1o pasado y esperan darle el tan ansiado t\u00edtulo a la categor\u00eda c20.<\/p>\n<p><em>\u201cVamos a dejar en manos del t\u00e9cnico, un profesional de ese deporte, elegir y sacar para lo que pretende como equipo. Nos abocamos a lo que \u00e9l decida\u201d.<\/em><\/p>\n<p>Se puede decir que futbol de sal\u00f3n en Esquinan, logr\u00f3 mucho en un corto tiempo. Constantemente se encuentran las pr\u00e1cticas y se ve un buen trabajo en conjunto entre Sportiva y Esquina Football club.<\/p>\n<p><em>\u201cVamos a seguir trabajando en esto e invitamos a todos a formar parte de este campeonato el dia jueves con una entrada muy accesible de $30\u201d,<\/em>dec\u00eda Eduardo Pellegrini finalizando la comunicaci\u00f3n.<\/p>\n<\/div>\n<p>Fuente: TN Esquina<\/p>\n","protected":false},"excerpt":{"rendered":"<p>A pocos d\u00edas de comenzar con el campeonato provincial con participaci\u00f3n de ocho selecciones en categor\u00edas mayores y seis en categor\u00eda\u00a0 c20, Eduardo Pellegrini, presidente del Futsal de Esquina, habl\u00f3 con nosotros para comentarnos m\u00e1s sobre c\u00f3mo se vienen preparando. El d\u00eda jueves se estar\u00e1 dando inicio al campeonato, en la Sociedad Sportiva Esquinense por [&hellip;]<\/p>\n","protected":false},"author":1,"featured_media":27316,"comment_status":"closed","ping_status":"closed","sticky":false,"template":"","format":"standard","meta":{"footnotes":""},"categories":[3],"tags":[],"class_list":["post-27315","post","type-post","status-publish","format-standard","has-post-thumbnail","hentry","category-deportes"],"_links":{"self":[{"href":"http:\/\/informateesquina.com\/index.php?rest_route=\/wp\/v2\/posts\/27315","targetHints":{"allow":["GET"]}}],"collection":[{"href":"http:\/\/informateesquina.com\/index.php?rest_route=\/wp\/v2\/posts"}],"about":[{"href":"http:\/\/informateesquina.com\/index.php?rest_route=\/wp\/v2\/types\/post"}],"author":[{"embeddable":true,"href":"http:\/\/informateesquina.com\/index.php?rest_route=\/wp\/v2\/users\/1"}],"replies":[{"embeddable":true,"href":"http:\/\/informateesquina.com\/index.php?rest_route=%2Fwp%2Fv2%2Fcomments&post=27315"}],"version-history":[{"count":0,"href":"http:\/\/informateesquina.com\/index.php?rest_route=\/wp\/v2\/posts\/27315\/revisions"}],"wp:featuredmedia":[{"embeddable":true,"href":"http:\/\/informateesquina.com\/index.php?rest_route=\/wp\/v2\/media\/27316"}],"wp:attachment":[{"href":"http:\/\/informateesquina.com\/index.php?rest_route=%2Fwp%2Fv2%2Fmedia&parent=27315"}],"wp:term":[{"taxonomy":"category","embeddable":true,"href":"http:\/\/informateesquina.com\/index.php?rest_route=%2Fwp%2Fv2%2Fcategories&post=27315"},{"taxonomy":"post_tag","embeddable":true,"href":"http:\/\/informateesquina.com\/index.php?rest_route=%2Fwp%2Fv2%2Ftags&post=27315"}],"curies":[{"name":"wp","href":"https:\/\/api.w.org\/{rel}","templated":true}]}}