{"id":27319,"date":"2019-04-25T11:13:36","date_gmt":"2019-04-25T14:13:36","guid":{"rendered":"https:\/\/informateesquina.com\/?p=27319"},"modified":"2019-04-25T11:13:36","modified_gmt":"2019-04-25T14:13:36","slug":"vuelven-los-controles-de-transito-a-motociclistas","status":"publish","type":"post","link":"http:\/\/informateesquina.com\/?p=27319","title":{"rendered":"Vuelven los controles de tr\u00e1nsito a motociclistas"},"content":{"rendered":"<p>La cifra en accidentes viales ocurridos durante la semana santa fue bastante alta. \u00daltimamente se registraron\u00a0 un mayor n\u00famero en las estad\u00edsticas.<\/p>\n<p>El Director de Transito y Seguridad Urbana, El Dr. Javier\u00a0 Jes\u00fas Papaleo, a trav\u00e9s de la Ma\u00f1ana de Noticias nos brind\u00f3 m\u00e1s datos al respecto y coment\u00f3 acerca de los trabajos de vialidad que pretende realizar y \u00a0la prevenci\u00f3n que cada uno debe tomar responsablemente \u00a0considerando, seg\u00fan su palabra, un mayor n\u00famero registrado\u00a0 con promedio de casi un accidente diario.<\/p>\n<p><em>\u201cLos n\u00fameros no son tantos, pero, por supuesto que preocupa. Los \u00faltimos accidentes fueron graves. Los operativos vamos a seguir dando, pero estamos especificando mas en establecimientos escolares.\u201d<\/em><\/p>\n<p>El Director tambi\u00e9n asegur\u00f3 que volver\u00e1n los operativos que ponen en vigencia la campa\u00f1a que alguna vez se conoci\u00f3 como \u201cSal\u00ed sin casco y volves caminando\u201d, lo que hoy d\u00eda se pasa por alto.<\/p>\n<p><em>\u201cVimos que el n\u00famero de personas que no usan casco tambi\u00e9n ha aumentado, por lo que vamos a intensificar control en la campa\u00f1a para la gente nuevamente tenga conciencia\u201d.<\/em><\/p>\n<p>Por otro lado, transcurriendo el fin de semana, se han secuestrado varias motocicletas que circulaban con escapes libres en horas de la madrugada y sin contar con\u00a0 las condiciones correspondientes, lo que trae consecuencia por estar establecido en una ley nacional que proh\u00edbe el tr\u00e1nsito de este tipo de veh\u00edculos. Pr\u00f3ximamente, tambi\u00e9n estar\u00e1 vigente una ordenanza con dicha reglamentaci\u00f3n.<\/p>\n<p>Los controles para los autos que presten servicio de transporte no estar\u00e1n descartados. Se har\u00e1n visitas en las agencias de remises donde se\u00a0 volcar\u00e1 la atenci\u00f3n en las correspondientes condiciones y documentaci\u00f3n que cada remis debe presentar a la hora de trabajar con pasajeros.<\/p>\n<p><em>\u201cSabemos que la situaci\u00f3n est\u00e1 dif\u00edcil, pero hay que ponerse en regla, teniendo en cuenta que son personas las que se est\u00e1n trasladando\u201d.\u00a0<\/em>Finaliz\u00f3 el Director, Javier Jes\u00fas Papaleo.<\/p>\n<p>&nbsp;<\/p>\n<p>Fuente: TN Esquina<\/p>\n","protected":false},"excerpt":{"rendered":"<p>La cifra en accidentes viales ocurridos durante la semana santa fue bastante alta. \u00daltimamente se registraron\u00a0 un mayor n\u00famero en las estad\u00edsticas. El Director de Transito y Seguridad Urbana, El Dr. Javier\u00a0 Jes\u00fas Papaleo, a trav\u00e9s de la Ma\u00f1ana de Noticias nos brind\u00f3 m\u00e1s datos al respecto y coment\u00f3 acerca de los trabajos de vialidad [&hellip;]<\/p>\n","protected":false},"author":1,"featured_media":27320,"comment_status":"closed","ping_status":"closed","sticky":false,"template":"","format":"standard","meta":{"footnotes":""},"categories":[6],"tags":[136],"class_list":["post-27319","post","type-post","status-publish","format-standard","has-post-thumbnail","hentry","category-locales","tag-destacados"],"_links":{"self":[{"href":"http:\/\/informateesquina.com\/index.php?rest_route=\/wp\/v2\/posts\/27319","targetHints":{"allow":["GET"]}}],"collection":[{"href":"http:\/\/informateesquina.com\/index.php?rest_route=\/wp\/v2\/posts"}],"about":[{"href":"http:\/\/informateesquina.com\/index.php?rest_route=\/wp\/v2\/types\/post"}],"author":[{"embeddable":true,"href":"http:\/\/informateesquina.com\/index.php?rest_route=\/wp\/v2\/users\/1"}],"replies":[{"embeddable":true,"href":"http:\/\/informateesquina.com\/index.php?rest_route=%2Fwp%2Fv2%2Fcomments&post=27319"}],"version-history":[{"count":0,"href":"http:\/\/informateesquina.com\/index.php?rest_route=\/wp\/v2\/posts\/27319\/revisions"}],"wp:featuredmedia":[{"embeddable":true,"href":"http:\/\/informateesquina.com\/index.php?rest_route=\/wp\/v2\/media\/27320"}],"wp:attachment":[{"href":"http:\/\/informateesquina.com\/index.php?rest_route=%2Fwp%2Fv2%2Fmedia&parent=27319"}],"wp:term":[{"taxonomy":"category","embeddable":true,"href":"http:\/\/informateesquina.com\/index.php?rest_route=%2Fwp%2Fv2%2Fcategories&post=27319"},{"taxonomy":"post_tag","embeddable":true,"href":"http:\/\/informateesquina.com\/index.php?rest_route=%2Fwp%2Fv2%2Ftags&post=27319"}],"curies":[{"name":"wp","href":"https:\/\/api.w.org\/{rel}","templated":true}]}}