{"id":27326,"date":"2019-04-25T16:15:59","date_gmt":"2019-04-25T19:15:59","guid":{"rendered":"https:\/\/informateesquina.com\/?p=27326"},"modified":"2019-04-25T16:15:59","modified_gmt":"2019-04-25T19:15:59","slug":"eco-es-la-alianza-en-la-que-deben-volver-a-depositar-su-confianza","status":"publish","type":"post","link":"http:\/\/informateesquina.com\/?p=27326","title":{"rendered":"&#8220;Eco es la alianza en la que deben volver a depositar su confianza&#8221;"},"content":{"rendered":"<p>Este mi\u00e9rcoles la alianza Eco hizo su presentaci\u00f3n de candidatos legislativos provinciales para las elecciones del 2 de Junio, en la Sociedad Sportiva Esquinense.<\/p>\n<p>Estuvieron presentes referentes de los distintos partidos a nivel local y ciudades vecinas, autoridades provinciales y candidatos a diputados.<\/p>\n<p>La alianza ECO cuenta con veinticinco partidos en su lista, de los cuales, en Esquina, forman parte la UCR Armando Tognola como presidente; CAP. Lista 28, con Mar\u00eda Eugenia Mancini como representante; y Eli, con Juan Martin Bechini.<\/p>\n<p>\u201cHoy nos toca un nuevo desaf\u00edo: apostar al crecimiento y al desarrollo. Para que est\u00e9 desaf\u00edo se cumpla tenemos que tener en la C\u00e1mara de<br \/>\nDiputados y senadores a nuestros legisladores\u201d, dijo la diputada Mancini. &#8220;Eco es la alianza que la ciudadan\u00eda debe volver a votar, en estos candidatos deben volver a dejar sus votos&#8221;, insisti\u00f3.<\/p>\n<p>Mancini record\u00f3 que trabaja desde hace mucho tiempo para lograr obras para Esquina. &#8220;Fruto de eso son las obras del hospital, su ampliaci\u00f3n, fruto de eso son los caminos enripiados, pero eso no hubiese sido posible si no ten\u00edamos en la Casa de Gobierno a la persona indicada, a Ricardo Colombi en su momento y ahora a Gustavo Vald\u00e9s&#8221;, selalo.<\/p>\n<p>&nbsp;<\/p>\n","protected":false},"excerpt":{"rendered":"<p>Este mi\u00e9rcoles la alianza Eco hizo su presentaci\u00f3n de candidatos legislativos provinciales para las elecciones del 2 de Junio, en la Sociedad Sportiva Esquinense. Estuvieron presentes referentes de los distintos partidos a nivel local y ciudades vecinas, autoridades provinciales y candidatos a diputados. La alianza ECO cuenta con veinticinco partidos en su lista, de los [&hellip;]<\/p>\n","protected":false},"author":1,"featured_media":27327,"comment_status":"closed","ping_status":"closed","sticky":false,"template":"","format":"standard","meta":{"footnotes":""},"categories":[9],"tags":[],"class_list":["post-27326","post","type-post","status-publish","format-standard","has-post-thumbnail","hentry","category-politica"],"_links":{"self":[{"href":"http:\/\/informateesquina.com\/index.php?rest_route=\/wp\/v2\/posts\/27326","targetHints":{"allow":["GET"]}}],"collection":[{"href":"http:\/\/informateesquina.com\/index.php?rest_route=\/wp\/v2\/posts"}],"about":[{"href":"http:\/\/informateesquina.com\/index.php?rest_route=\/wp\/v2\/types\/post"}],"author":[{"embeddable":true,"href":"http:\/\/informateesquina.com\/index.php?rest_route=\/wp\/v2\/users\/1"}],"replies":[{"embeddable":true,"href":"http:\/\/informateesquina.com\/index.php?rest_route=%2Fwp%2Fv2%2Fcomments&post=27326"}],"version-history":[{"count":0,"href":"http:\/\/informateesquina.com\/index.php?rest_route=\/wp\/v2\/posts\/27326\/revisions"}],"wp:featuredmedia":[{"embeddable":true,"href":"http:\/\/informateesquina.com\/index.php?rest_route=\/wp\/v2\/media\/27327"}],"wp:attachment":[{"href":"http:\/\/informateesquina.com\/index.php?rest_route=%2Fwp%2Fv2%2Fmedia&parent=27326"}],"wp:term":[{"taxonomy":"category","embeddable":true,"href":"http:\/\/informateesquina.com\/index.php?rest_route=%2Fwp%2Fv2%2Fcategories&post=27326"},{"taxonomy":"post_tag","embeddable":true,"href":"http:\/\/informateesquina.com\/index.php?rest_route=%2Fwp%2Fv2%2Ftags&post=27326"}],"curies":[{"name":"wp","href":"https:\/\/api.w.org\/{rel}","templated":true}]}}