{"id":27329,"date":"2019-04-25T17:43:05","date_gmt":"2019-04-25T20:43:05","guid":{"rendered":"https:\/\/informateesquina.com\/?p=27329"},"modified":"2019-04-25T17:43:05","modified_gmt":"2019-04-25T20:43:05","slug":"la-nueva-comision-de-la-fiesta-nacional-del-pacu","status":"publish","type":"post","link":"http:\/\/informateesquina.com\/?p=27329","title":{"rendered":"La nueva Comisi\u00f3n de la Fiesta Nacional del Pac\u00fa"},"content":{"rendered":"<p>Con el apoyo del Departamento Ejecutivo qued\u00f3 conformada la nueva Comisi\u00f3n de Pesca en<br \/>\nEsquina, la misma ser\u00e1 presidida por Lucas Frutos.<\/p>\n<p>En el marco del Proyecto de Ordenanza que ordena la creaci\u00f3n de la Comisi\u00f3n Esquinense de<br \/>\nPesca \u2013COESPE\u2013 cuya funci\u00f3n es la de organizar promover y promocionar la Fiesta Nacional del<br \/>\nPac\u00fa y los torneos que est\u00e9n asignados a Esquina dentro del calendario de Pesca de la Provincia<br \/>\nde Corrientes.<\/p>\n<p><img loading=\"lazy\" decoding=\"async\" class=\"alignnone size-medium wp-image-27331\" src=\"https:\/\/informateesquina.com\/wp-content\/uploads\/2019\/04\/rgtdfgfg-300x151.jpg\" alt=\"\" width=\"300\" height=\"151\" srcset=\"http:\/\/informateesquina.com\/wp-content\/uploads\/2019\/04\/rgtdfgfg-300x151.jpg 300w, http:\/\/informateesquina.com\/wp-content\/uploads\/2019\/04\/rgtdfgfg.jpg 765w\" sizes=\"auto, (max-width: 300px) 100vw, 300px\" \/><br \/>\nSe establece que la Comisi\u00f3n Municipal \u2013COESPE- ser\u00e1 integrada por cuatro (4) partes,<br \/>\nPescadores o Barras Pesqueras; Club N\u00e1utico y Pesca Brown; C\u00e1maras de Turismo y de<br \/>\nComercio y Municipio de Esquina.<\/p>\n<p>El Municipio brind\u00f3 un espacio en el d\u00eda de ayer para conformaci\u00f3n de la nueva comisi\u00f3n<\/p>\n<p>Vicepresidente Santiago Schweizer<br \/>\nSecretario de Actas Dahiana Salinas<br \/>\nProsecretario Enzo Arriola<br \/>\nTesorero Mat\u00edas Leguizam\u00f3n<br \/>\nProtesorero Mar\u00eda del Carmen Pereyra<br \/>\nVocales<br \/>\nEdgar Badaracco<br \/>\nViviana Delgado<br \/>\nGast\u00f3n Merlo<br \/>\nGriselda Retamozo<br \/>\nAlejandro Vera<br \/>\nWilfredo Santa Cruz<br \/>\nRevisores de Cuentas<br \/>\nMar\u00eda Cielo Machuca<br \/>\nGabriela Lavoratto<br \/>\nDelegada de Reinas<br \/>\nRita Bejarano<br \/>\nPrensa<br \/>\nEduardo Schweizer<\/p>\n<p>Adem\u00e1s dieron a conocer la fecha de la 34\u00b0 Edici\u00f3n de la Fiesta Nacional del Pac\u00fa, que se<br \/>\nrealizar\u00e1 durante los d\u00edas 27, 28 y 29 de febrero y 1 de marzo de 2020.<\/p>\n<p><img loading=\"lazy\" decoding=\"async\" class=\"alignnone size-medium wp-image-27330\" src=\"https:\/\/informateesquina.com\/wp-content\/uploads\/2019\/04\/ggdfg-300x286.jpg\" alt=\"\" width=\"300\" height=\"286\" srcset=\"http:\/\/informateesquina.com\/wp-content\/uploads\/2019\/04\/ggdfg-300x286.jpg 300w, http:\/\/informateesquina.com\/wp-content\/uploads\/2019\/04\/ggdfg.jpg 629w\" sizes=\"auto, (max-width: 300px) 100vw, 300px\" \/><\/p>\n<p>La Fiesta Nacional del Pac\u00fa es una emblem\u00e1tica festividad que se realiza anualmente en la<br \/>\nciudad de Esquina, provincia argentina de Corrientes.<\/p>\n<p>El evento principal es una competencia de pesca deportiva embarcada sobre las aguas del r\u00edo<br \/>\nParan\u00e1 y del r\u00edo Corrientes, que tiene como especie exclusiva al pac\u00fa, pez de alto valor deportivo.<\/p>\n<h2>El pac\u00fa en Esquina<\/h2>\n<p>Frente a la ciudad correntina de Esquina se abre un extenso delta conformado por la<br \/>\ndesembocadura del r\u00edo Corrientes inferior en el r\u00edo Paran\u00e1 medio, justo antes que este \u00faltimo<br \/>\nreciba tambi\u00e9n por su margen izquierda (la oriental) a otro importante r\u00edo, el Guayquirar\u00f3. Esta<br \/>\nconjunci\u00f3n de grandes cursos fluviales crea una multitud de biotopos acu\u00e1ticos, (canales, brazos,<br \/>\nlagunas, esteros, islas inundables, arroyos, r\u00edos, etc.) ribeteados por lujuriosa vegetaci\u00f3n selv\u00e1tica<\/p>\n<p>por lo cual es criado en establecimientos acu\u00edcolas. Las selvas marginales le proveen de buena<br \/>\nparte de su alimento, ya que come los frutos de muchas especies arb\u00f3reas, para las cuales este<br \/>\npez es uno de sus diseminadores. Tambi\u00e9n preda sobre moluscos, insectos, peces, etc.<br \/>\nEste pez atrae tanto por el combate que ofrece al ser prendido por el pescador como por los<br \/>\nimportantes portes que ofrecen los ejemplares de la zona, los que rondan los 5 kgpero que<br \/>\nexcepcionalmente rondan los 18 kg.<\/p>\n<p>Esquina atrae turistas no solo para practicar pesca deportiva sino tambi\u00e9n por sus carnavales, su<br \/>\ncultura y su balneario, con playas de arenas claras y aguas c\u00e1lidas en la temporada estival.<\/p>\n<h2>El Concurso Nacional de Pesca del Pac\u00fa<\/h2>\n<p>La fiesta se realiza todos los a\u00f1os en la ciudad de Esquina, generalmente durante febrero o<br \/>\nprincipios de marzo. Es organizada por la Comisi\u00f3n Esquinense de Pesca (COESPE), conformada<br \/>\npor la uni\u00f3n de los esfuerzos de la municipalidad de Esquina, las barras pesqueras y<br \/>\nagrupaciones de pescadores, el Club N\u00e1utico y Pesca \u201cBrown\u201d, la C\u00e1mara Empresarial de<br \/>\nTurismo y la C\u00e1mara de Comercio de Esquina.<\/p>\n<p>En este concurso participan pescadores de toda la Argentina as\u00ed como tambi\u00e9n de otros pa\u00edses. El<br \/>\nconcurso de pesca embarcado congrega a cientos de lanchas con equipos compuestos por 3 o 4<br \/>\npescadores, los que salen a las 8.30 h y regresan a las 18 h.La limpieza del evento es fiscalizada<br \/>\npor 15 embarcaciones situadas en puntos estrat\u00e9gicos.<\/p>\n<p>La medida autorizada para el pac\u00fa seg\u00fan la disposici\u00f3n 222 de Recursos Naturales de la<br \/>\nprovincia de Corrientes es a partir de los 35 cm. Cada captura que posean esta medida ser\u00e1<br \/>\nfiscalizada por la Federaci\u00f3n Correntina de Pesca, quien la pesar\u00e1 y medir\u00e1, para posteriormente<br \/>\nser retornada a las aguas sana y salva. Se realiza una cena de camarader\u00eda de los pescadores<br \/>\ndonde se entregan premios y se realizan sorteos.<\/p>\n<h2><strong>Premios<\/strong><\/h2>\n<p>Dentro del torneo \u201cPiquiro Guti\u00e9rrez\u201d, se otorgan premios al equipo que captur\u00f3 la pieza mayor de<br \/>\npac\u00fa (trofeo \u201cHenry Matto\u201d) y los siguientes en tama\u00f1o y al mejor equipo por puntos acumulados<br \/>\n(trofeo \u201cCacho Rebechi\u201d) junto con los siguientes. Tambi\u00e9n se premia al gu\u00eda de pesca mejor<br \/>\nclasificado por equipos (trofeo \u201cLobo Caferatta\u201d).Reciben premios as\u00ed mismo el pescador<br \/>\nextranjero m\u00e1s lejano y su par nacional, la barra pesquera m\u00e1s numerosa, etc.. Tambi\u00e9n hay eventos paralelos.<\/p>\n<p>La fiesta es acompa\u00f1ada de manera paralela por otras actividades y acontecimientos populares,<br \/>\nentre los que se encuentran el Festival-Pac\u00fa (un festival con espect\u00e1culos musicales,<br \/>\nchamameceros y recitales y conciertos de artistas consagrados, en el anfiteatro municipal-predio<br \/>\nCostanera), la elecci\u00f3n de la Reina Nacional del Pac\u00fa,6el \u201cTorneo de Pesca de Costa con<br \/>\ndevoluci\u00f3n\u201d (a orillas del r\u00edo Corriente), competencias de ciclismo (organizada por la Pe\u00f1a<br \/>\nCicl\u00edstica Esquina y COESPE), torneos de truco y p\u00e1del, actividades acu\u00e1ticas deportivas en las<br \/>\naguas del r\u00edo Corriente.<\/p>\n<p>Destaca en especial la \u201cExpo-Pac\u00fa\u201d, durante 3 d\u00edas y organizada por la municipalidad. Se trata de<br \/>\nuna exposici\u00f3n comercial tur\u00edstica y productiva con especial \u00e9nfasis en caza, pesca, n\u00e1utica,<br \/>\ncamping y actividades outdoor, adem\u00e1s de la promoci\u00f3n de artesanos locales y distintas<br \/>\nactividades culturales (exposiciones de libros, fotos, cuadros y esculturas). El evento se despliega<br \/>\nen el predio Costanera en la ribera esquinense<\/p>\n","protected":false},"excerpt":{"rendered":"<p>Con el apoyo del Departamento Ejecutivo qued\u00f3 conformada la nueva Comisi\u00f3n de Pesca en Esquina, la misma ser\u00e1 presidida por Lucas Frutos. En el marco del Proyecto de Ordenanza que ordena la creaci\u00f3n de la Comisi\u00f3n Esquinense de Pesca \u2013COESPE\u2013 cuya funci\u00f3n es la de organizar promover y promocionar la Fiesta Nacional del Pac\u00fa y [&hellip;]<\/p>\n","protected":false},"author":1,"featured_media":27331,"comment_status":"closed","ping_status":"closed","sticky":false,"template":"","format":"standard","meta":{"footnotes":""},"categories":[6],"tags":[],"class_list":["post-27329","post","type-post","status-publish","format-standard","has-post-thumbnail","hentry","category-locales"],"_links":{"self":[{"href":"http:\/\/informateesquina.com\/index.php?rest_route=\/wp\/v2\/posts\/27329","targetHints":{"allow":["GET"]}}],"collection":[{"href":"http:\/\/informateesquina.com\/index.php?rest_route=\/wp\/v2\/posts"}],"about":[{"href":"http:\/\/informateesquina.com\/index.php?rest_route=\/wp\/v2\/types\/post"}],"author":[{"embeddable":true,"href":"http:\/\/informateesquina.com\/index.php?rest_route=\/wp\/v2\/users\/1"}],"replies":[{"embeddable":true,"href":"http:\/\/informateesquina.com\/index.php?rest_route=%2Fwp%2Fv2%2Fcomments&post=27329"}],"version-history":[{"count":0,"href":"http:\/\/informateesquina.com\/index.php?rest_route=\/wp\/v2\/posts\/27329\/revisions"}],"wp:featuredmedia":[{"embeddable":true,"href":"http:\/\/informateesquina.com\/index.php?rest_route=\/wp\/v2\/media\/27331"}],"wp:attachment":[{"href":"http:\/\/informateesquina.com\/index.php?rest_route=%2Fwp%2Fv2%2Fmedia&parent=27329"}],"wp:term":[{"taxonomy":"category","embeddable":true,"href":"http:\/\/informateesquina.com\/index.php?rest_route=%2Fwp%2Fv2%2Fcategories&post=27329"},{"taxonomy":"post_tag","embeddable":true,"href":"http:\/\/informateesquina.com\/index.php?rest_route=%2Fwp%2Fv2%2Ftags&post=27329"}],"curies":[{"name":"wp","href":"https:\/\/api.w.org\/{rel}","templated":true}]}}