{"id":27334,"date":"2019-04-25T17:52:08","date_gmt":"2019-04-25T20:52:08","guid":{"rendered":"https:\/\/informateesquina.com\/?p=27334"},"modified":"2019-04-25T17:52:08","modified_gmt":"2019-04-25T20:52:08","slug":"santa-fe-con-105-anos-la-sacaron-del-padron-y-ahora-la-nombraron-autoridad-de-mesa","status":"publish","type":"post","link":"http:\/\/informateesquina.com\/?p=27334","title":{"rendered":"Santa Fe: con 105 a\u00f1os, la sacaron del padr\u00f3n y ahora la nombraron autoridad de mesa"},"content":{"rendered":"<p><strong>SANTA FE<\/strong>.- Una mujer de 105 a\u00f1os fue designada esta semana por el\u00a0Tribunal Electoral\u00a0de la\u00a0provincia\u00a0como auxiliar dos de la mesa 2.121 que funcionar\u00e1 en la Facultad de Ciencias Econ\u00f3micas de la Universidad Nacional del Litoral para lasPrimarias, Abiertas, Simult\u00e1neas y Obligatorias\u00a0(PASO) de este domingo y para\u00a0las elecciones generales\u00a0del 16 de junio. Se trata de Berta Ritvo, quien en los comicios de 2017 denunci\u00f3 que fue eliminada del padr\u00f3n cuando insist\u00eda en concurrir a sufragar.<\/p>\n<p>&#8220;Resulta ins\u00f3lito que haya llegado a mi domicilio la designaci\u00f3n. \u00bfCon la edad que tengo me nombran? No, no, no. \u00bfEn qu\u00e9 pa\u00eds estamos? Primero me sacan del padr\u00f3n y despu\u00e9s&#8230; Habr\u00e1n dicho: \u00absi con esto la ofendimos, con esto la halagamos\u00bb. No s\u00e9 qu\u00e9 me van a decir&#8221;, sostuvo esta ma\u00f1ana la se\u00f1ora a los medios que la consultaron.<\/p>\n<p>La mujer reconoci\u00f3 estar &#8220;preocupada&#8221; porque en el documento de designaci\u00f3n se lee que si no cumple con las obligaciones, puede ser penada con seis meses de prisi\u00f3n. Si bien su hija ya inici\u00f3 los tr\u00e1mites para impugnar la decisi\u00f3n, a\u00fan esperan una respuesta favorable.<\/p>\n<p>Esto sucedi\u00f3 despu\u00e9s que las 24.000 personas que el Tribunal Electoral convoc\u00f3 para ser autoridades de mesa, un tercio de esa cifra se excus\u00f3 o directamente rechaz\u00f3 la recepci\u00f3n del telegrama para participar del acto electoral.<\/p>\n<h2>Fuera del padr\u00f3n<\/h2>\n<p>Hace s\u00f3lo dos a\u00f1os -a sus 103-, la sacaron del padr\u00f3n electoral por su edad, pero no se qued\u00f3 conforme con esta decisi\u00f3n: hizo todo lo posible para volver a ser incluida y poder votar. Este a\u00f1o, la noticia es que hace unos d\u00edas le lleg\u00f3 un telegrama donde se la convoca para ser auxiliar de autoridad de mesa, y no piensa renunciar a su deber.<\/p>\n<p>Ritvo naci\u00f3 en 1913, tan s\u00f3lo un a\u00f1o despu\u00e9s de que en el pa\u00eds se sancionara la ley S\u00e1enz Pe\u00f1a, que establec\u00eda el voto universal secreto y obligatorio pero s\u00f3lo para los hombres. Las mujeres tuvieron que esperar mucho tiempo m\u00e1s para ejercer ese derecho.<\/p>\n<p>A su vez,\u00a0hace dos a\u00f1os fue noticia nacional\u00a0en\u00a0LA NACION,\u00a0cuando reclamaba poder ejercer su derecho a voto, al que finalmente accedi\u00f3, ya que no figuraba en los padrones.<\/p>\n<p>Este a\u00f1o, con la experiencia en alerta, junto a su familia consultaron\u00a0los padrones\u00a0en febrero y aunque no figuraba otra vez, tuvieron tiempo de hacer los reclamos correspondientes para que pueda participar de las elecciones.<\/p>\n<p>Como est\u00e1 informada y conoce casi todo lo que sucede en la pol\u00edtica local, Ritvo se anim\u00f3 a pronosticar que en la elecci\u00f3n de gobernador &#8220;me parece que por ahora puede ganar (Antonio)\u00a0Bonfatti\u00a0(socialista). A (Jos\u00e9) Corral (Cambiemos) no lo voy a votar porque hay muchos pobres en la ciudad y muy poco se ha hecho por ellos, no s\u00e9 si no puede o no tiene condiciones. Y entre (Omar)\u00a0Perotti\u00a0y (Mar\u00eda Eugenia) Bielsa (ambos peronistas), no s\u00e9 cual de los dos, as\u00ed que opto por el otro que espero que no defraude a su partido aunque no pod\u00e9s saber hasta que no act\u00faan. Aparte Perotti privatiz\u00f3 el Banco de Santa Fe y eso no me gust\u00f3&#8221;, explic\u00f3.<\/p>\n<h2>OTRO CASO EN ROSARIO<\/h2>\n<p>Un caso parecido ocurri\u00f3 en\u00a0Rosario\u00a0. Natalia Mognol, nieta de Mar\u00eda Dora Ben\u00edtez (98 a\u00f1os) public\u00f3 un video en el que cont\u00f3 la reacci\u00f3n de su abuela al recibir la carta referida a las PASO de este fin de semana.<\/p>\n<p>&#8220;Lleg\u00f3 el sobre a mi casa y mi sorpresa fue cuando vi el nombre. No era para m\u00ed, era para mi abuela Dora, de 98 a\u00f1os&#8221;, se\u00f1al\u00f3 la mujer. Y afirm\u00f3: &#8220;Van a votar muertos y ahora van a poner una se\u00f1ora de 98 a\u00f1os de presidenta de mesa. Es una burla&#8221;, asegur\u00f3.<\/p>\n<p>Mognol pidi\u00f3 &#8220;un poquito m\u00e1s de respeto y seriedad&#8221; y comparti\u00f3 en redes sociales el documento que lleva la firma de Roberto Pascual, secretario del Tribunal Electoral. En el texto pueden verse los datos personales de la anciana elegida de forma ins\u00f3lita para trabajar en la Escuela 1315 Itat\u00ed, de esa ciudad del sur santafecino.<\/p>\n<p>&nbsp;<\/p>\n","protected":false},"excerpt":{"rendered":"<p>SANTA FE.- Una mujer de 105 a\u00f1os fue designada esta semana por el\u00a0Tribunal Electoral\u00a0de la\u00a0provincia\u00a0como auxiliar dos de la mesa 2.121 que funcionar\u00e1 en la Facultad de Ciencias Econ\u00f3micas de la Universidad Nacional del Litoral para lasPrimarias, Abiertas, Simult\u00e1neas y Obligatorias\u00a0(PASO) de este domingo y para\u00a0las elecciones generales\u00a0del 16 de junio. Se trata de Berta [&hellip;]<\/p>\n","protected":false},"author":1,"featured_media":27337,"comment_status":"closed","ping_status":"closed","sticky":false,"template":"","format":"standard","meta":{"footnotes":""},"categories":[9],"tags":[],"class_list":["post-27334","post","type-post","status-publish","format-standard","has-post-thumbnail","hentry","category-politica"],"_links":{"self":[{"href":"http:\/\/informateesquina.com\/index.php?rest_route=\/wp\/v2\/posts\/27334","targetHints":{"allow":["GET"]}}],"collection":[{"href":"http:\/\/informateesquina.com\/index.php?rest_route=\/wp\/v2\/posts"}],"about":[{"href":"http:\/\/informateesquina.com\/index.php?rest_route=\/wp\/v2\/types\/post"}],"author":[{"embeddable":true,"href":"http:\/\/informateesquina.com\/index.php?rest_route=\/wp\/v2\/users\/1"}],"replies":[{"embeddable":true,"href":"http:\/\/informateesquina.com\/index.php?rest_route=%2Fwp%2Fv2%2Fcomments&post=27334"}],"version-history":[{"count":0,"href":"http:\/\/informateesquina.com\/index.php?rest_route=\/wp\/v2\/posts\/27334\/revisions"}],"wp:featuredmedia":[{"embeddable":true,"href":"http:\/\/informateesquina.com\/index.php?rest_route=\/wp\/v2\/media\/27337"}],"wp:attachment":[{"href":"http:\/\/informateesquina.com\/index.php?rest_route=%2Fwp%2Fv2%2Fmedia&parent=27334"}],"wp:term":[{"taxonomy":"category","embeddable":true,"href":"http:\/\/informateesquina.com\/index.php?rest_route=%2Fwp%2Fv2%2Fcategories&post=27334"},{"taxonomy":"post_tag","embeddable":true,"href":"http:\/\/informateesquina.com\/index.php?rest_route=%2Fwp%2Fv2%2Ftags&post=27334"}],"curies":[{"name":"wp","href":"https:\/\/api.w.org\/{rel}","templated":true}]}}