{"id":27340,"date":"2019-04-26T08:57:26","date_gmt":"2019-04-26T11:57:26","guid":{"rendered":"https:\/\/informateesquina.com\/?p=27340"},"modified":"2019-04-26T08:57:26","modified_gmt":"2019-04-26T11:57:26","slug":"romina-baibiene-hay-intencion-por-parte-del-municipio-de-esquina-para-seguir-dilatando-la-reincorporacion-de-los-26-trabajadores","status":"publish","type":"post","link":"http:\/\/informateesquina.com\/?p=27340","title":{"rendered":"Romina Baibiene: Hay &#8220;intenci\u00f3n&#8221; por parte del Municipio de Esquina para &#8220;seguir dilatando la reincorporaci\u00f3n de los 26 trabajadores&#8221;"},"content":{"rendered":"<header>\n<div class=\"header_mobile\">\n<p style=\"text-align: center;\"><em><strong>Desde marzo del a\u00f1o pasado, unos 26 empleados de la Municipalidad de Esquina fueron cesanteados luego de que un Juez dio lugar a una presentaci\u00f3n realizada por la actual gesti\u00f3n comunal, que considera que los pases a planta no fueron realizados correctamente por quienes fueron sus antecesores en el Gobierno municipal, argumento que los empleados afectados objetaron judicialmente. En respuesta a esto, en octubre del a\u00f1o pasado, la C\u00e1mara de Apelaciones en lo Contencioso y Administrativo de la Capital correntina revoc\u00f3 el fallo dictado en primera instancia, que ordenaba que se dejara sin efecto la resoluci\u00f3n que inclu\u00eda la incorporaci\u00f3n a planta permanente de unos 300 empleados.<\/strong><\/em><\/p>\n<p>&nbsp;<\/p>\n<p>No obstante, ese segundo veredicto fue apelado por la Municipalidad de Esquina. Precisamente, en respuesta a esa presentaci\u00f3n, &#8220;la C\u00e1mara de Apelaciones en lo Contencioso Administrativo ahora resolvi\u00f3 rechazar el recurso de inaplicabilidad presentado por la Comuna&#8221;, indic\u00f3 al diario El Litoral, Romina Baibiene, quien es la abogada que representa a los 26 empleados que est\u00e1n separados de sus puestos hace m\u00e1s de un a\u00f1o.<\/p>\n<\/div>\n<\/header>\n<div id=\"sitio\" class=\"sitio\">\n<div id=\"main_body\" class=\"central no-item central_interior interior,edicion-impresa\">\n<div class=\"np_contenido\">\n<div id=\"notas\">\n<div id=\"notapage_texto\" class=\"notapage_cuerpo\">\n<p>&#8220;Adem\u00e1s de no poder cobrar los haberes que les corresponde, hay varios que est\u00e1n con problemas de salud y no tienen obra social&#8221;, agreg\u00f3 la letrada. En tanto consider\u00f3 que &#8220;hay una intenci\u00f3n deliberada y mal intencionada por parte del Municipio para seguir dilatando la reincorporaci\u00f3n de los trabajadores&#8221;.<\/p>\n<p>En este punto aclar\u00f3 que, si bien el fallo es favorable a los empleados, &#8220;a\u00fan resta completar una serie de pasos legales para que se pueda hacer efectiva la reincorporaci\u00f3n&#8221;.<\/p>\n<p>Pero consider\u00f3 que: &#8220;Lo importante es que el derecho avala al personal cesanteado y la Justicia lo certifica en cada una de las resoluciones que fueron emitidas en los \u00faltimos tiempos&#8221;. En este sentido destac\u00f3 que sigue &#8220;avanzando el proceso de reincorporaci\u00f3n de los trabajadores&#8221;.<\/p>\n<\/div>\n<p>FUENTE: Diario El Litoral<\/p>\n<\/div>\n<\/div>\n<\/div>\n<\/div>\n","protected":false},"excerpt":{"rendered":"<p>Desde marzo del a\u00f1o pasado, unos 26 empleados de la Municipalidad de Esquina fueron cesanteados luego de que un Juez dio lugar a una presentaci\u00f3n realizada por la actual gesti\u00f3n comunal, que considera que los pases a planta no fueron realizados correctamente por quienes fueron sus antecesores en el Gobierno municipal, argumento que los empleados [&hellip;]<\/p>\n","protected":false},"author":1,"featured_media":27344,"comment_status":"closed","ping_status":"closed","sticky":false,"template":"","format":"standard","meta":{"footnotes":""},"categories":[6],"tags":[136],"class_list":["post-27340","post","type-post","status-publish","format-standard","has-post-thumbnail","hentry","category-locales","tag-destacados"],"_links":{"self":[{"href":"http:\/\/informateesquina.com\/index.php?rest_route=\/wp\/v2\/posts\/27340","targetHints":{"allow":["GET"]}}],"collection":[{"href":"http:\/\/informateesquina.com\/index.php?rest_route=\/wp\/v2\/posts"}],"about":[{"href":"http:\/\/informateesquina.com\/index.php?rest_route=\/wp\/v2\/types\/post"}],"author":[{"embeddable":true,"href":"http:\/\/informateesquina.com\/index.php?rest_route=\/wp\/v2\/users\/1"}],"replies":[{"embeddable":true,"href":"http:\/\/informateesquina.com\/index.php?rest_route=%2Fwp%2Fv2%2Fcomments&post=27340"}],"version-history":[{"count":0,"href":"http:\/\/informateesquina.com\/index.php?rest_route=\/wp\/v2\/posts\/27340\/revisions"}],"wp:featuredmedia":[{"embeddable":true,"href":"http:\/\/informateesquina.com\/index.php?rest_route=\/wp\/v2\/media\/27344"}],"wp:attachment":[{"href":"http:\/\/informateesquina.com\/index.php?rest_route=%2Fwp%2Fv2%2Fmedia&parent=27340"}],"wp:term":[{"taxonomy":"category","embeddable":true,"href":"http:\/\/informateesquina.com\/index.php?rest_route=%2Fwp%2Fv2%2Fcategories&post=27340"},{"taxonomy":"post_tag","embeddable":true,"href":"http:\/\/informateesquina.com\/index.php?rest_route=%2Fwp%2Fv2%2Ftags&post=27340"}],"curies":[{"name":"wp","href":"https:\/\/api.w.org\/{rel}","templated":true}]}}