{"id":27347,"date":"2019-04-26T09:51:05","date_gmt":"2019-04-26T12:51:05","guid":{"rendered":"https:\/\/informateesquina.com\/?p=27347"},"modified":"2019-04-26T09:51:05","modified_gmt":"2019-04-26T12:51:05","slug":"declaran-no-culpable-de-homicidio-al-medico-que-mato-a-un-ladron-en-san-martin","status":"publish","type":"post","link":"http:\/\/informateesquina.com\/?p=27347","title":{"rendered":"Declaran no culpable de homicidio al m\u00e9dico que mat\u00f3 a un ladr\u00f3n en San Mart\u00edn"},"content":{"rendered":"<div class=\"entry-title col-xs-12\">\n<div class=\"title\">\n<pre id=\"title\">El jurado popular consider\u00f3 que el cirujano actu\u00f3 \u201cen leg\u00edtima defensa\u201d.<\/pre>\n<\/div>\n<\/div>\n<div class=\"media-cont col-lg-9 col-md-12 \">\n<div class=\"i-amphtml-slides-container i-amphtml-slidescroll-no-snap\" aria-live=\"polite\">\n<div class=\"i-amphtml-slide-item i-amphtml-slide-item-show\">\n<div class=\"slide amp-carousel-slide\" aria-hidden=\"false\"><img decoding=\"async\" class=\"i-amphtml-fill-content i-amphtml-replaced-content\" src=\"https:\/\/images-clarin-com.cdn.ampproject.org\/i\/s\/images.clarin.com\/2019\/04\/23\/03b4KZXSJ_640x361__1.jpg\" sizes=\"(max-width: 320px) 284px, 100vw\" srcset=\"https:\/\/images-clarin-com.cdn.ampproject.org\/ii\/w680\/s\/images.clarin.com\/2019\/04\/23\/03b4KZXSJ_640x361__1.jpg 680w, https:\/\/images-clarin-com.cdn.ampproject.org\/ii\/w1200\/s\/images.clarin.com\/2019\/04\/23\/03b4KZXSJ_640x361__1.jpg 1200w\" alt=\"Lino Villar Cataldo, en los tribunales de San Mart\u00edn, tras ser declarado &quot;no culpable&quot;, y un beso para su esposa. Foto Julio Sanders\" \/>Lino Villar Cataldo, en los tribunales de San Mart\u00edn, tras ser declarado \u201cno culpable\u201d, y un beso para su esposa.<\/p>\n<\/div>\n<\/div>\n<\/div>\n<\/div>\n<div class=\"cuerpoSolo col-lg-6 col-md-9 col-lg-offset-3 \">\n<div class=\"body-nota\">\n<p>&#8220;Conf\u00edo mucho m\u00e1s en el jurado popular, porque\u00a0<strong>esa gente, como nosotros, tiene sentido com\u00fan<\/strong>, y la otra no&#8221;.\u00a0Antes del juicio oral en su contra por matar a un ladr\u00f3n durante un asalto en San Mart\u00edn, el m\u00e9dico Lino Villar Cataldo (64) centraba todas su expectativas en los ciudadanos que lo iban a juzgar por el caso. Y as\u00ed lo sostuvo en una entrevista con\u00a0<strong>Clar\u00edn<\/strong>.<\/p>\n<p>Este jueves, los\u00a0doce integrantes del tribunal, compuesto por un gasista, una profesora de ingl\u00e9s, estudiantes y empleados bonaerenses, creyeron en su versi\u00f3n y lo declararon no culpable.<\/p>\n<div class=\"widget content-new\">\n<div class=\"mg\">\n<div class=\"wrap-figure\">\n<figure><a href=\"https:\/\/www.clarin.com\/policiales\/lino-villar-cataldo-salvar-vidas-matar-ladron-justiciero_0_YExZ9vNV5.amp.html\" target=\"_top\" rel=\"noopener noreferrer\"><img decoding=\"async\" class=\"i-amphtml-fill-content i-amphtml-replaced-content\" src=\"https:\/\/images-clarin-com.cdn.ampproject.org\/i\/s\/images.clarin.com\/2019\/04\/17\/qUwjUVogc_290x290__1.jpg\" sizes=\"(max-width: 320px) 90px, 90px\" srcset=\"https:\/\/images-clarin-com.cdn.ampproject.org\/ii\/w120\/s\/images.clarin.com\/2019\/04\/17\/qUwjUVogc_290x290__1.jpg 120w, https:\/\/images-clarin-com.cdn.ampproject.org\/ii\/w220\/s\/images.clarin.com\/2019\/04\/17\/qUwjUVogc_290x290__1.jpg 220w, https:\/\/images-clarin-com.cdn.ampproject.org\/ii\/w330\/s\/images.clarin.com\/2019\/04\/17\/qUwjUVogc_290x290__1.jpg 330w\" alt=\"Lino Villar Cataldo, de salvar vidas a matar a un ladr\u00f3n: &quot;No soy un justiciero&quot;\" \/><\/a><\/figure>\n<\/div>\n<\/div>\n<div class=\"mt\"><\/div>\n<\/div>\n<p>Ten\u00edan otras dos opciones de veredicto, que eran condenatorias: la del\u00a0<em>&#8220;<strong>exceso en la leg\u00edtima defensa<\/strong>&#8220;<\/em>\u00a0y el\u00a0<em>&#8220;<strong>homicidio simple<\/strong>&#8220;<\/em>.<\/p>\n<p>Villar Cataldo, que atend\u00eda su consultorio privado y trabajaba como cirujano en el Hospital de Boulogne (San Isidro),\u00a0lleg\u00f3 al juicio acusado de haber matado de cuatro tiros al ladr\u00f3n\u00a0<strong>Ricardo &#8220;Nunu&#8221; Krabler (24)<\/strong>, que intent\u00f3 robarle el auto en la puerta de su consultorio en Omb\u00fa 6865, en Loma Hermosa, partido de San Mart\u00edn, el 26 de agosto de 2016.<\/p>\n<div class=\"image-trigger\">\n<figure><img decoding=\"async\" class=\"i-amphtml-fill-content i-amphtml-replaced-content\" src=\"https:\/\/images-clarin-com.cdn.ampproject.org\/i\/s\/images.clarin.com\/2019\/04\/23\/0LJ-g216p_0x750__1.jpg\" \/><\/figure>\n<p class=\"fig\">Lino Villar Cataldo, en los tribunales de San Mart\u00edn, tras ser declarado &#8220;no culpable. Foto Julio Sanders<\/p>\n<\/div>\n<p>Durante los alegatos ante el Tribunal Oral Criminal (TOC) 3 de San Mart\u00edn, a cargo de la jueza Carolina Mart\u00ednez, la fiscal Noem\u00ed Carreira\u00a0<strong>pidi\u00f3 que fuera condenado por &#8220;<em>exceso en la leg\u00edtima defensa<\/em>&#8220;<\/strong>, un delito que prev\u00e9 penas de entre 1 y 5 a\u00f1os de prisi\u00f3n.<\/p>\n<p>En tanto, el abogado Juan Carlos Maggi, quien representa a la madre de Krabler como particular damnificada, reclam\u00f3 una pena para el m\u00e9dico por el delito de &#8220;<em>homicidio simple agravado por el uso de arma<\/em>&#8220;, penado con entre<strong>\u00a08 y 25 a\u00f1os<\/strong>de c\u00e1rcel.<\/p>\n<div class=\"image-trigger\">\n<figure><img decoding=\"async\" class=\"i-amphtml-fill-content i-amphtml-replaced-content\" src=\"https:\/\/images-clarin-com.cdn.ampproject.org\/i\/s\/images.clarin.com\/2016\/08\/31\/SkwsV7C7x_0x750.jpg\" sizes=\"(max-width: 320px) 284px, 100vw\" srcset=\"https:\/\/images-clarin-com.cdn.ampproject.org\/ii\/w820\/s\/images.clarin.com\/2016\/08\/31\/SkwsV7C7x_0x750.jpg 820w, https:\/\/images-clarin-com.cdn.ampproject.org\/ii\/w1200\/s\/images.clarin.com\/2016\/08\/31\/SkwsV7C7x_0x750.jpg 1200w\" \/><\/figure>\n<p class=\"fig\">Ricardo &#8220;Nunu&#8221; Krabler (24), el ladr\u00f3n muerto.<\/p>\n<\/div>\n<p>Finalmente, la posici\u00f3n que se impuso fue la de la defensa de Villar Cataldo, a cargo del abogado Diego Szpigiel, que pidi\u00f3 que su asistido sea absuelto por considerar que actu\u00f3 &#8220;<em>en leg\u00edtima defensa<\/em>&#8220;.<\/p>\n<p>Tras los alegatos, el acusado pudo pronunciar sus &#8220;\u00faltimas palabras&#8221; ante el jurado, ocasi\u00f3n en la que pidi\u00f3 &#8220;disculpas&#8221; por la muerte del delincuente, aunque aclar\u00f3 que \u00e9l no busc\u00f3 que eso ocurriera.<\/p>\n<div class=\"widget content-new\">\n<div class=\"mg\">\n<div class=\"wrap-figure\">\n<figure><a href=\"https:\/\/www.clarin.com\/policiales\/gasista-profesora-ingles-jurado-decidira-suerte-medico-lino-villar-cataldo_0_nU4wpKdzC.amp.html\" target=\"_top\" rel=\"noopener noreferrer\"><img decoding=\"async\" class=\"i-amphtml-fill-content i-amphtml-replaced-content\" src=\"https:\/\/images-clarin-com.cdn.ampproject.org\/i\/s\/images.clarin.com\/2019\/04\/22\/ytZflgRvl_290x290__1.jpg\" sizes=\"(max-width: 320px) 90px, 90px\" srcset=\"https:\/\/images-clarin-com.cdn.ampproject.org\/ii\/w120\/s\/images.clarin.com\/2019\/04\/22\/ytZflgRvl_290x290__1.jpg 120w, https:\/\/images-clarin-com.cdn.ampproject.org\/ii\/w220\/s\/images.clarin.com\/2019\/04\/22\/ytZflgRvl_290x290__1.jpg 220w, https:\/\/images-clarin-com.cdn.ampproject.org\/ii\/w330\/s\/images.clarin.com\/2019\/04\/22\/ytZflgRvl_290x290__1.jpg 330w\" alt=\"Un gasista y una profesora de ingl\u00e9s, en el jurado que decidir\u00e1 la suerte del m\u00e9dico Lino Villar Cataldo\" \/><\/a><\/figure>\n<\/div>\n<\/div>\n<\/div>\n<p><strong>&#8220;Pido disculpas porque haya habido un muerto, pero yo no lo busqu\u00e9&#8221;<\/strong>, expres\u00f3 Villar Cataldo, tras lo cual agreg\u00f3: &#8220;Me parece incre\u00edble haber llegado a esto, tengo una pena enorme, estoy destruido, se ha desarmado la familia&#8221;.<\/p>\n<p>El juicio al cirujano, que naci\u00f3 en Paraguay y a los 7 a\u00f1os vino a vivir a la Argentina, comenz\u00f3 el lunes en el entrepiso de los tribunales de Ricardo Balb\u00edn 1753, de San Mart\u00edn, por donde desfilaron testigos del hecho y las partes que intervienen en el juicio.<\/p>\n<p>Apenas se conoci\u00f3 el veredicto, el hermano del m\u00e9dico, Jorge Villar Cataldo, expres\u00f3 en di\u00e1logo con\u00a0<strong>Clar\u00edn<\/strong>: &#8220;Somos creyentes y sab\u00edamos que iba a salir bien. Pero\u00a0<strong>mi hermano ten\u00eda miedo<\/strong>&#8220;.<\/p>\n<p>&#8220;\u00c9l no hizo nada mal&#8221;, agreg\u00f3 Jorge y sostuvo que la fiscal y la querella &#8220;quisieron demostrar que \u00e9l agredi\u00f3, que \u00e9l lo busc\u00f3 (al ladr\u00f3n), pero \u00e9l no lo busc\u00f3. En ese momento, cuando le pegaron con ese ca\u00f1o, le dieron un mazazo en la cabeza&#8221;, asegur\u00f3.<\/p>\n<div class=\"image-trigger\">\n<figure><img decoding=\"async\" class=\"i-amphtml-fill-content i-amphtml-replaced-content\" src=\"https:\/\/images-clarin-com.cdn.ampproject.org\/i\/s\/images.clarin.com\/2019\/04\/23\/PeE0CzzKW_0x750__1.jpg\" \/><\/figure>\n<p class=\"fig\">Jorge Villar Cataldo, hermano del m\u00e9dico Lino Villar Cataldo. Foto Julio Sanders<\/p>\n<\/div>\n<p>El hermano del m\u00e9dico dijo adem\u00e1s que &#8220;toda su familia se destruy\u00f3&#8221; y que &#8220;sus hijos dejaron de vivir en sus casas. Ahora est\u00e1n todos amontonados&#8221;. A la vez, dijo que tienen miedo de una venganza: &#8220;Ahora no s\u00e9 lo que podr\u00e1n hacer. Siempre estaban las amenazas. Tengo miedo de las represalias y que sean sobre sus hijos&#8221;.<\/p>\n<p>&#8220;<strong>Ya era sabido, esto era cantado<\/strong>. Seis tiros, el dador de vida, el que daba fiado, el que curaba baleados. Le digo a la gente que se acerque a Cataldo, que tenga cuidado&#8221;, dijo Silvia, la madre de Ricardo Krabler.<\/p>\n<div class=\"image-trigger\">\n<figure><img decoding=\"async\" class=\"i-amphtml-fill-content i-amphtml-replaced-content\" src=\"https:\/\/images-clarin-com.cdn.ampproject.org\/i\/s\/images.clarin.com\/2019\/04\/23\/IOqjH2xtw_0x750__1.jpg\" \/><\/figure>\n<p class=\"fig\">Silvia Krabler, la madre del ladr\u00f3n muerto.<\/p>\n<\/div>\n<p>Adem\u00e1s se despach\u00f3: &#8220;Sali\u00f3 absuelto, lo felicito. Sabiendo que es portador de tres armas, con una 9 mil\u00edmetros mat\u00f3 a mi hijo. Todav\u00eda le quedan dos 38. \u00bfSi sigue matando, va a seguir siendo un dador de vida, un santo, un inocente, porque tiene una matr\u00edcula, una placa? \u00bfEsa es la Argentina que quieren, la justicia por mano propia? Entonces\u00a0<strong>yo le digo a la gente que se acerque a Cataldo que tenga cuidado porque tiene dos armas de su leg\u00edtima defensa y va a seguir matando<\/strong>&#8220;.<\/p>\n<div class=\"widget content-new\">\n<div class=\"mg\">\n<div class=\"wrap-figure\">\n<figure><a href=\"https:\/\/www.clarin.com\/policiales\/unico-quiero-justicia-hijo-dijo-madre-ladron-muerto_0_N1KQ87uR_.amp.html\" target=\"_top\" rel=\"noopener noreferrer\"><img decoding=\"async\" class=\"i-amphtml-fill-content i-amphtml-replaced-content\" src=\"https:\/\/images-clarin-com.cdn.ampproject.org\/i\/s\/images.clarin.com\/2019\/04\/22\/HpjsW-HDN_290x290__1.jpg\" sizes=\"(max-width: 320px) 90px, 90px\" srcset=\"https:\/\/images-clarin-com.cdn.ampproject.org\/ii\/w120\/s\/images.clarin.com\/2019\/04\/22\/HpjsW-HDN_290x290__1.jpg 120w, https:\/\/images-clarin-com.cdn.ampproject.org\/ii\/w220\/s\/images.clarin.com\/2019\/04\/22\/HpjsW-HDN_290x290__1.jpg 220w, https:\/\/images-clarin-com.cdn.ampproject.org\/ii\/w330\/s\/images.clarin.com\/2019\/04\/22\/HpjsW-HDN_290x290__1.jpg 330w\" alt=\"&quot;Lo \u00fanico que quiero es justicia por mi hijo&quot;, dijo la madre del  ladr\u00f3n muerto\" \/><\/a><\/figure>\n<\/div>\n<\/div>\n<div class=\"mt\"><\/div>\n<\/div>\n<p>Seg\u00fan dio por probado la fiscal\u00eda, el asaltante le dio un culatazo en la cabeza, se subi\u00f3 al veh\u00edculo del m\u00e9dico con fines de\u00a0<strong>robo y termin\u00f3 muerto de cuatro balazos<\/strong>efectuados por el imputado con una pistola Bersa Thunder Pro calibre 9 mil\u00edmetros.<\/p>\n<p>&#8220;Cuando el encartado decidi\u00f3 disparar contra Krabler\u00a0<strong>ya no estaba en riesgo su vida<\/strong>, sino s\u00f3lo el derecho de propiedad que ten\u00eda respecto de un autom\u00f3vil asegurado. Su conducta entonces devino desmedida, puesto que en su af\u00e1n de retener su autom\u00f3vil ha afectado el bien jur\u00eddico de m\u00e1s valor, es decir la vida&#8221;, se\u00f1al\u00f3 la fiscal en el requerimiento de elevaci\u00f3n a juicio.<\/p>\n<div class=\"widget content-new\">\n<div class=\"mg\">\n<div class=\"wrap-figure\">\n<figure><a href=\"https:\/\/www.clarin.com\/policiales\/defendi-vida-vi-cerca-muerte-dijo-medico-mato-ladron_0_eG5bYJ5Ru.amp.html\" target=\"_top\" rel=\"noopener noreferrer\"><img decoding=\"async\" class=\"i-amphtml-fill-content i-amphtml-replaced-content\" src=\"https:\/\/images-clarin-com.cdn.ampproject.org\/i\/s\/images.clarin.com\/2019\/04\/22\/baqmpRa1e_290x290__1.jpg\" sizes=\"(max-width: 320px) 90px, 90px\" srcset=\"https:\/\/images-clarin-com.cdn.ampproject.org\/ii\/w120\/s\/images.clarin.com\/2019\/04\/22\/baqmpRa1e_290x290__1.jpg 120w, https:\/\/images-clarin-com.cdn.ampproject.org\/ii\/w220\/s\/images.clarin.com\/2019\/04\/22\/baqmpRa1e_290x290__1.jpg 220w, https:\/\/images-clarin-com.cdn.ampproject.org\/ii\/w330\/s\/images.clarin.com\/2019\/04\/22\/baqmpRa1e_290x290__1.jpg 330w\" alt=\"&quot;Defend\u00ed mi vida porque vi de cerca la muerte&quot;, dijo el m\u00e9dico que mat\u00f3 al ladr\u00f3n\" \/><\/a><\/figure>\n<\/div>\n<\/div>\n<div class=\"mt\"><\/div>\n<\/div>\n<p>Durante sus \u00faltimas palabras, el mi\u00e9rcoles antes del veredicto, Villar Cataldo le dijo que defendi\u00f3 su vida cuando vio &#8220;de cerca a la muerte&#8221; y asegur\u00f3 que no tuvo intenci\u00f3n de matar a Krabler.<\/p>\n<p>&#8220;Efectu\u00e9 disparos porque sent\u00ed que en ese momento me mataban, hubo amenaza verbal en todo momento, &#8216;<em>te voy a matar hijo de puta<\/em>&#8216;, y me apuntaba con ese pistol\u00f3n que asusta a cualquiera&#8221;, sostuvo Villar Cataldo.<\/p>\n<div class=\"widget content-new\">\n<div class=\"mg\">\n<div class=\"wrap-figure\">\n<figure><a href=\"https:\/\/www.clarin.com\/policiales\/testigos-contradijeron-version-dio-medico-lino-villar-cataldo_0_3vn9P25l7.amp.html\" target=\"_top\" rel=\"noopener noreferrer\"><img decoding=\"async\" class=\"i-amphtml-fill-content i-amphtml-replaced-content\" src=\"https:\/\/images-clarin-com.cdn.ampproject.org\/i\/s\/images.clarin.com\/1969\/12\/31\/H1W_NPXAQe_290x290__1.jpg\" sizes=\"(max-width: 320px) 90px, 90px\" srcset=\"https:\/\/images-clarin-com.cdn.ampproject.org\/ii\/w120\/s\/images.clarin.com\/1969\/12\/31\/H1W_NPXAQe_290x290__1.jpg 120w, https:\/\/images-clarin-com.cdn.ampproject.org\/ii\/w220\/s\/images.clarin.com\/1969\/12\/31\/H1W_NPXAQe_290x290__1.jpg 220w, https:\/\/images-clarin-com.cdn.ampproject.org\/ii\/w330\/s\/images.clarin.com\/1969\/12\/31\/H1W_NPXAQe_290x290__1.jpg 330w\" alt=\"Testigos contradijeron la versi\u00f3n que dio el m\u00e9dico Lino Villar Cataldo\" \/><\/a><\/figure>\n<\/div>\n<\/div>\n<div class=\"mt\"><\/div>\n<\/div>\n<p>Seg\u00fan su testimonio, \u00e9l hab\u00eda comprado una pistola calibre 9 mil\u00edmetros que registr\u00f3 &#8220;en forma legal&#8221; porque hab\u00eda sido &#8220;asaltado en siete ocasiones&#8221;, dos de ellas en su vivienda bajo la modalidad de &#8220;entradera&#8221;.<\/p>\n<\/div>\n<\/div>\n","protected":false},"excerpt":{"rendered":"<p>El jurado popular consider\u00f3 que el cirujano actu\u00f3 \u201cen leg\u00edtima defensa\u201d. Lino Villar Cataldo, en los tribunales de San Mart\u00edn, tras ser declarado \u201cno culpable\u201d, y un beso para su esposa. &#8220;Conf\u00edo mucho m\u00e1s en el jurado popular, porque\u00a0esa gente, como nosotros, tiene sentido com\u00fan, y la otra no&#8221;.\u00a0Antes del juicio oral en su contra [&hellip;]<\/p>\n","protected":false},"author":1,"featured_media":27348,"comment_status":"closed","ping_status":"closed","sticky":false,"template":"","format":"standard","meta":{"footnotes":""},"categories":[8],"tags":[],"class_list":["post-27347","post","type-post","status-publish","format-standard","has-post-thumbnail","hentry","category-policiales"],"_links":{"self":[{"href":"http:\/\/informateesquina.com\/index.php?rest_route=\/wp\/v2\/posts\/27347","targetHints":{"allow":["GET"]}}],"collection":[{"href":"http:\/\/informateesquina.com\/index.php?rest_route=\/wp\/v2\/posts"}],"about":[{"href":"http:\/\/informateesquina.com\/index.php?rest_route=\/wp\/v2\/types\/post"}],"author":[{"embeddable":true,"href":"http:\/\/informateesquina.com\/index.php?rest_route=\/wp\/v2\/users\/1"}],"replies":[{"embeddable":true,"href":"http:\/\/informateesquina.com\/index.php?rest_route=%2Fwp%2Fv2%2Fcomments&post=27347"}],"version-history":[{"count":0,"href":"http:\/\/informateesquina.com\/index.php?rest_route=\/wp\/v2\/posts\/27347\/revisions"}],"wp:featuredmedia":[{"embeddable":true,"href":"http:\/\/informateesquina.com\/index.php?rest_route=\/wp\/v2\/media\/27348"}],"wp:attachment":[{"href":"http:\/\/informateesquina.com\/index.php?rest_route=%2Fwp%2Fv2%2Fmedia&parent=27347"}],"wp:term":[{"taxonomy":"category","embeddable":true,"href":"http:\/\/informateesquina.com\/index.php?rest_route=%2Fwp%2Fv2%2Fcategories&post=27347"},{"taxonomy":"post_tag","embeddable":true,"href":"http:\/\/informateesquina.com\/index.php?rest_route=%2Fwp%2Fv2%2Ftags&post=27347"}],"curies":[{"name":"wp","href":"https:\/\/api.w.org\/{rel}","templated":true}]}}