{"id":27359,"date":"2019-04-26T18:04:38","date_gmt":"2019-04-26T21:04:38","guid":{"rendered":"https:\/\/informateesquina.com\/?p=27359"},"modified":"2019-04-26T18:04:38","modified_gmt":"2019-04-26T21:04:38","slug":"murio-el-padre-de-emiliano-sala","status":"publish","type":"post","link":"http:\/\/informateesquina.com\/?p=27359","title":{"rendered":"Muri\u00f3 el padre de Emiliano Sala"},"content":{"rendered":"<div class=\"detail-body \">\n<div class=\"preview\">\n<p>Horacio Sala ten\u00eda 58 a\u00f1os y falleci\u00f3 durante la madrugada de este viernes de un paro card\u00edaco.<\/p>\n<\/div>\n<\/div>\n<div class=\"detail-body\">\n<article id=\"note-body\" class=\"note-body first\" data-twitter-link=\"https:\/\/twitter.com\/intent\/tweet?url=https:\/\/www.minutouno.com\/c5028426&amp;v\u00eda=minutounocom&amp;related=MinutoUno&amp;text=\">\n<div class=\"row\">\n<div class=\"inside-note col-xs-12\">\n<p>El padre de\u00a0<a class=\"agrupador\" href=\"http:\/\/www.minutouno.com\/emiliano-sala-a5124340\" rel=\"5124340\">Emiliano Sala<\/a>, el futbolista que muri\u00f3 a principios de a\u00f1o cuando la avioneta que lo llevaba de Francia a Inglaterra sufri\u00f3 un accidente, falleci\u00f3 este viernes de un paro card\u00edaco.<\/p>\n<\/div>\n<\/div>\n<\/article>\n<\/div>\n<div class=\"detail-body \">\n<article id=\"note-body\" class=\"note-body\" data-twitter-link=\"https:\/\/twitter.com\/intent\/tweet?url=https:\/\/www.minutouno.com\/c5028426&amp;v\u00eda=minutounocom&amp;related=MinutoUno&amp;text=\">\n<div class=\"row\">\n<div class=\"inside-note col-xs-12\">\n<p>Seg\u00fan confirm\u00f3 el presidente del Club Progreso por\u00a0<em>C5N<\/em>, Horacio Sala -de 58 a\u00f1os- sufri\u00f3 un dolor en el pecho durante la madrugada, pero cuando lleg\u00f3 el m\u00e9dico a su casa\u00a0<span id=\"saysCMSEmphasist23dki1o7bm\" class=\"saysCMSEmphasis\">ya hab\u00eda muerto.<\/span><\/p>\n<p>&#8220;Lo hab\u00eda notado mejor. Compartimos el momento doloroso de la desaparici\u00f3n del avi\u00f3n en el que falleci\u00f3 Emiliano&#8221;, detall\u00f3\u00a0<strong>Daniel Rivero.<\/strong><\/p>\n<div id=\"7260927-Libre-469934938_wrap\" class=\"embed_cont type_imagen no-epigrafe no-copyright\">\n<div id=\"7260927-Libre-469934938_content\" class=\"embed_content\"><img decoding=\"async\" id=\"7260927-Libre-469934938_embed\" src=\"https:\/\/media.minutouno.com\/adjuntos\/150\/imagenes\/036\/506\/0036506964.jpg?0000-00-00-00-00-00\" alt=\"\" \/><\/div>\n<\/div>\n<p>El padre del futbolista, que trabajaba como camionero y ten\u00eda 58 a\u00f1os, se vio muy afectado por el deceso de su hijo, el cual le provocaba un gran orgullo debido a su exitosa carrera en el f\u00fatbol europeo.<\/p>\n<p>Emiliano Sala desarroll\u00f3 la mayor parte de su carrera profesional en el f\u00fatbol franc\u00e9s y tras tras varias cesiones termin\u00f2 en el FC Nantes. El 19 de enero de 2019 fue traspasado al Cardiff City de la Premier League, pero no lleg\u00f3 a debutar en el club gal\u00e9s. El 21 de enero la avioneta que lo transportaba desde Nantes sufri\u00f3 un accidente mientras sobrevolaba el canal de la Mancha,\u00a0<span id=\"saysCMSEmphasisjnrq1whz7e\" class=\"saysCMSEmphasis\">en el que perdi\u00f3 la vida.<\/span><\/p>\n<\/div>\n<\/div>\n<\/article>\n<\/div>\n","protected":false},"excerpt":{"rendered":"<p>Horacio Sala ten\u00eda 58 a\u00f1os y falleci\u00f3 durante la madrugada de este viernes de un paro card\u00edaco. El padre de\u00a0Emiliano Sala, el futbolista que muri\u00f3 a principios de a\u00f1o cuando la avioneta que lo llevaba de Francia a Inglaterra sufri\u00f3 un accidente, falleci\u00f3 este viernes de un paro card\u00edaco. Seg\u00fan confirm\u00f3 el presidente del Club [&hellip;]<\/p>\n","protected":false},"author":1,"featured_media":27360,"comment_status":"closed","ping_status":"closed","sticky":false,"template":"","format":"standard","meta":{"footnotes":""},"categories":[3,7],"tags":[],"class_list":["post-27359","post","type-post","status-publish","format-standard","has-post-thumbnail","hentry","category-deportes","category-nacionales"],"_links":{"self":[{"href":"http:\/\/informateesquina.com\/index.php?rest_route=\/wp\/v2\/posts\/27359","targetHints":{"allow":["GET"]}}],"collection":[{"href":"http:\/\/informateesquina.com\/index.php?rest_route=\/wp\/v2\/posts"}],"about":[{"href":"http:\/\/informateesquina.com\/index.php?rest_route=\/wp\/v2\/types\/post"}],"author":[{"embeddable":true,"href":"http:\/\/informateesquina.com\/index.php?rest_route=\/wp\/v2\/users\/1"}],"replies":[{"embeddable":true,"href":"http:\/\/informateesquina.com\/index.php?rest_route=%2Fwp%2Fv2%2Fcomments&post=27359"}],"version-history":[{"count":0,"href":"http:\/\/informateesquina.com\/index.php?rest_route=\/wp\/v2\/posts\/27359\/revisions"}],"wp:featuredmedia":[{"embeddable":true,"href":"http:\/\/informateesquina.com\/index.php?rest_route=\/wp\/v2\/media\/27360"}],"wp:attachment":[{"href":"http:\/\/informateesquina.com\/index.php?rest_route=%2Fwp%2Fv2%2Fmedia&parent=27359"}],"wp:term":[{"taxonomy":"category","embeddable":true,"href":"http:\/\/informateesquina.com\/index.php?rest_route=%2Fwp%2Fv2%2Fcategories&post=27359"},{"taxonomy":"post_tag","embeddable":true,"href":"http:\/\/informateesquina.com\/index.php?rest_route=%2Fwp%2Fv2%2Ftags&post=27359"}],"curies":[{"name":"wp","href":"https:\/\/api.w.org\/{rel}","templated":true}]}}