{"id":27365,"date":"2019-04-26T18:26:48","date_gmt":"2019-04-26T21:26:48","guid":{"rendered":"https:\/\/informateesquina.com\/?p=27365"},"modified":"2019-04-26T18:26:48","modified_gmt":"2019-04-26T21:26:48","slug":"tres-detenidos-en-esquina-por-supuesto-abigeato","status":"publish","type":"post","link":"http:\/\/informateesquina.com\/?p=27365","title":{"rendered":"Esquina: Tres empleados municipales detenidos por supuesto abigeato"},"content":{"rendered":"<p>Un nuevo caso de abigeato con faena en zona rural, fue denunciado por una ciudadana de apellido Leguizam\u00f3n el d\u00eda de ayer en horas del mediod\u00eda.<\/p>\n<p>En zona de Tranquera Cadena a la costa del alambre, se encontraron las v\u00edsceras, mondongo y un trozo de cuero de uno de los dos animales faenados, una vaca que estaba por parir y una vaquilla.<\/p>\n<div class=\"jeg_ad jeg_ad_article jnews_content_inline_ads\">\n<div class=\"ads-wrapper align-center\">Se observaron rastros de una camioneta, el veh\u00edculo que carg\u00f3 dicha carne parti\u00f3 hacia Esquina. Tras estas pistas se realizaron allanamientos en tres domicilios, dos en el barrio La Tablada, y uno en el barrio San Fernando. En estas viviendas se pudo secuestrar carne, un freezer, varios cuchillos, lazos y una balanza.Tambi\u00e9n se secuestraron dos veh\u00edculos , una camioneta Isuzu azul y una Duster color negra.<\/div>\n<div class=\"ads-wrapper align-center\"><\/div>\n<div>Por el hecho hay dos detenidos,\u00a0 identificados con los apellidos Espinoza y Herrera, ambos se encuentran incomunicados hasta que se le recepcione la declaraci\u00f3n como imputados. El tercero, de apellido Niz, se entreg\u00f3 en la siesta de este viernes.<\/div>\n<div><\/div>\n<\/div>\n<div>Como dato curioso se pudo saber que los tres involucrados son empleados municipales.<\/div>\n<div class=\"jeg_ad jeg_ad_article jnews_content_inline_ads\">\n<div><\/div>\n<\/div>\n<p>&nbsp;<\/p>\n<p>&nbsp;<\/p>\n","protected":false},"excerpt":{"rendered":"<p>Un nuevo caso de abigeato con faena en zona rural, fue denunciado por una ciudadana de apellido Leguizam\u00f3n el d\u00eda de ayer en horas del mediod\u00eda. En zona de Tranquera Cadena a la costa del alambre, se encontraron las v\u00edsceras, mondongo y un trozo de cuero de uno de los dos animales faenados, una vaca [&hellip;]<\/p>\n","protected":false},"author":1,"featured_media":27366,"comment_status":"closed","ping_status":"closed","sticky":false,"template":"","format":"standard","meta":{"footnotes":""},"categories":[6],"tags":[],"class_list":["post-27365","post","type-post","status-publish","format-standard","has-post-thumbnail","hentry","category-locales"],"_links":{"self":[{"href":"http:\/\/informateesquina.com\/index.php?rest_route=\/wp\/v2\/posts\/27365","targetHints":{"allow":["GET"]}}],"collection":[{"href":"http:\/\/informateesquina.com\/index.php?rest_route=\/wp\/v2\/posts"}],"about":[{"href":"http:\/\/informateesquina.com\/index.php?rest_route=\/wp\/v2\/types\/post"}],"author":[{"embeddable":true,"href":"http:\/\/informateesquina.com\/index.php?rest_route=\/wp\/v2\/users\/1"}],"replies":[{"embeddable":true,"href":"http:\/\/informateesquina.com\/index.php?rest_route=%2Fwp%2Fv2%2Fcomments&post=27365"}],"version-history":[{"count":0,"href":"http:\/\/informateesquina.com\/index.php?rest_route=\/wp\/v2\/posts\/27365\/revisions"}],"wp:featuredmedia":[{"embeddable":true,"href":"http:\/\/informateesquina.com\/index.php?rest_route=\/wp\/v2\/media\/27366"}],"wp:attachment":[{"href":"http:\/\/informateesquina.com\/index.php?rest_route=%2Fwp%2Fv2%2Fmedia&parent=27365"}],"wp:term":[{"taxonomy":"category","embeddable":true,"href":"http:\/\/informateesquina.com\/index.php?rest_route=%2Fwp%2Fv2%2Fcategories&post=27365"},{"taxonomy":"post_tag","embeddable":true,"href":"http:\/\/informateesquina.com\/index.php?rest_route=%2Fwp%2Fv2%2Ftags&post=27365"}],"curies":[{"name":"wp","href":"https:\/\/api.w.org\/{rel}","templated":true}]}}