{"id":27368,"date":"2019-04-26T18:40:22","date_gmt":"2019-04-26T21:40:22","guid":{"rendered":"https:\/\/informateesquina.com\/?p=27368"},"modified":"2019-04-26T18:40:22","modified_gmt":"2019-04-26T21:40:22","slug":"bolsonaro-realizara-su-primera-visita-oficial-a-la-argentina-en-junio","status":"publish","type":"post","link":"http:\/\/informateesquina.com\/?p=27368","title":{"rendered":"Bolsonaro realizar\u00e1 su primera visita oficial a la Argentina en junio"},"content":{"rendered":"<div class=\"detail-body \">\n<div class=\"preview\">\n<h3><strong>&#8220;Esta visita muestra la prioridad que da Brasil a su relaci\u00f3n con Argentina&#8221;,\u00a0<\/strong>dijeron desde Brasilia. El mandatario del vecino pa\u00eds asumi\u00f3 en enero.<strong>\u00a0Antes visit\u00f3\u00a0<\/strong><strong>Estados Unidos, Chile\u00a0e\u00a0Israel.<\/strong><\/h3>\n<\/div>\n<\/div>\n<div class=\"detail-body\">\n<article id=\"note-body\" class=\"note-body first\" data-twitter-link=\"https:\/\/twitter.com\/intent\/tweet?url=https:\/\/www.minutouno.com\/c5028132&amp;v\u00eda=minutounocom&amp;related=MinutoUno&amp;text=\">\n<div class=\"row\">\n<div class=\"inside-note col-xs-12\">\n<p>El presidente de Brasil,\u00a0<strong><a class=\"agrupador\" href=\"http:\/\/www.minutouno.com\/jair-bolsonaro-a5122388\" rel=\"5122388\">Jair Bolsonaro<\/a><\/strong>, realizar\u00e1 el pr\u00f3ximo 6 de junio su primera visita oficial a la Argentina en la que se reunir\u00e1 con\u00a0<strong><a class=\"agrupador\" href=\"http:\/\/www.minutouno.com\/mauricio-macri-a5122674\" rel=\"5124188\">Mauricio Macri<\/a>,<\/strong>\u00a0anunci\u00f3 este mi\u00e9rcoles la canciller\u00eda brasile\u00f1a en un comunicado, que fue ratificado por fuentes del Palacio San Mart\u00edn.<\/p>\n<\/div>\n<\/div>\n<\/article>\n<\/div>\n<div class=\"detail-body \">\n<article id=\"note-body\" class=\"note-body\" data-twitter-link=\"https:\/\/twitter.com\/intent\/tweet?url=https:\/\/www.minutouno.com\/c5028132&amp;v\u00eda=minutounocom&amp;related=MinutoUno&amp;text=\">\n<div class=\"row\">\n<div class=\"inside-note col-xs-12\">\n<p><strong>&#8220;Esta visita muestra la prioridad que da Brasil a su relaci\u00f3n con Argentina&#8221;,<\/strong>\u00a0se\u00f1al\u00f3 el comunicado del Palacio de Itamaraty divulgado esta tarde.<\/p>\n<p>Seg\u00fan el texto, la reuni\u00f3n programada entre Macri y Bolsonaro\u00a0<strong>&#8220;representa una oportunidad para dar seguimiento a los principales temas tratados durante la visita&#8221;<\/strong>\u00a0que hizo el presidente argentino a Brasilia el 16 de enero.<\/p>\n<p>El Palacio de Itamaraty destac\u00f3 que la reuni\u00f3n entre Macri y Bolsonaro\u00a0<strong>&#8220;permitir\u00e1 que los dos presidentes le den contornos claros a los nuevos rumbos de la relaci\u00f3n y le impriman el necesario impulso pol\u00edtico a los asuntos prioritarios de la agenda bilateral&#8221;.<\/strong><\/p>\n<p>La visita se realizar\u00e1 por invitaci\u00f3n del presidente Macri y luego del viaje que hizo a Buenos Aires el canciller brasile\u00f1o,\u00a0<strong>Ernesto Ara\u00fajo<\/strong>, el 9 y 10 de abril pasados. La vicepresidenta\u00a0<strong>Gabriela Michetti<\/strong>\u00a0visit\u00f3 Brasilia el 12 de abril.<\/p>\n<p>Esta ser\u00e1 la primera vez que Bolsonaro viaje a Buenos Aires desde que fue electo en octubre y desde que asumi\u00f3 el 1 de enero.<\/p>\n<p>Argentina es el principal socio comercial de Brasil dentro del Mercosur y el tercero en el mundo, detr\u00e1s de China y Estados Unidos.<\/p>\n<p>Antes de Argentina, Bolsonaro visit\u00f3\u00a0<strong>Estados Unidos, Chile<\/strong>\u00a0e\u00a0<strong>Israel\u00a0<\/strong>en su primera gira internacional al frente de la jefatura del Estado de Brasil.<\/p>\n<\/div>\n<\/div>\n<\/article>\n<\/div>\n","protected":false},"excerpt":{"rendered":"<p>&#8220;Esta visita muestra la prioridad que da Brasil a su relaci\u00f3n con Argentina&#8221;,\u00a0dijeron desde Brasilia. El mandatario del vecino pa\u00eds asumi\u00f3 en enero.\u00a0Antes visit\u00f3\u00a0Estados Unidos, Chile\u00a0e\u00a0Israel. El presidente de Brasil,\u00a0Jair Bolsonaro, realizar\u00e1 el pr\u00f3ximo 6 de junio su primera visita oficial a la Argentina en la que se reunir\u00e1 con\u00a0Mauricio Macri,\u00a0anunci\u00f3 este mi\u00e9rcoles la canciller\u00eda [&hellip;]<\/p>\n","protected":false},"author":1,"featured_media":27369,"comment_status":"closed","ping_status":"closed","sticky":false,"template":"","format":"standard","meta":{"footnotes":""},"categories":[5],"tags":[],"class_list":["post-27368","post","type-post","status-publish","format-standard","has-post-thumbnail","hentry","category-internacionales"],"_links":{"self":[{"href":"http:\/\/informateesquina.com\/index.php?rest_route=\/wp\/v2\/posts\/27368","targetHints":{"allow":["GET"]}}],"collection":[{"href":"http:\/\/informateesquina.com\/index.php?rest_route=\/wp\/v2\/posts"}],"about":[{"href":"http:\/\/informateesquina.com\/index.php?rest_route=\/wp\/v2\/types\/post"}],"author":[{"embeddable":true,"href":"http:\/\/informateesquina.com\/index.php?rest_route=\/wp\/v2\/users\/1"}],"replies":[{"embeddable":true,"href":"http:\/\/informateesquina.com\/index.php?rest_route=%2Fwp%2Fv2%2Fcomments&post=27368"}],"version-history":[{"count":0,"href":"http:\/\/informateesquina.com\/index.php?rest_route=\/wp\/v2\/posts\/27368\/revisions"}],"wp:featuredmedia":[{"embeddable":true,"href":"http:\/\/informateesquina.com\/index.php?rest_route=\/wp\/v2\/media\/27369"}],"wp:attachment":[{"href":"http:\/\/informateesquina.com\/index.php?rest_route=%2Fwp%2Fv2%2Fmedia&parent=27368"}],"wp:term":[{"taxonomy":"category","embeddable":true,"href":"http:\/\/informateesquina.com\/index.php?rest_route=%2Fwp%2Fv2%2Fcategories&post=27368"},{"taxonomy":"post_tag","embeddable":true,"href":"http:\/\/informateesquina.com\/index.php?rest_route=%2Fwp%2Fv2%2Ftags&post=27368"}],"curies":[{"name":"wp","href":"https:\/\/api.w.org\/{rel}","templated":true}]}}