{"id":27381,"date":"2019-04-27T14:34:29","date_gmt":"2019-04-27T17:34:29","guid":{"rendered":"https:\/\/informateesquina.com\/?p=27381"},"modified":"2019-04-27T14:34:29","modified_gmt":"2019-04-27T17:34:29","slug":"le-disparo-un-motochorro-y-el-celular-le-salvo-la-vida-todavia-no-puedo-creer-lo-que-paso","status":"publish","type":"post","link":"http:\/\/informateesquina.com\/?p=27381","title":{"rendered":"Le dispar\u00f3 un motochorro y el celular le salv\u00f3 la vida: &#8220;Todav\u00eda no puedo creer lo que pas\u00f3&#8221;"},"content":{"rendered":"<p><strong>Nancy Patricia Lazarte<\/strong>\u00a0tiene 26 a\u00f1os. Es docente y trabaja en una escuela especial para chicos con discapacidad. El mi\u00e9rcoles a la noche sali\u00f3 de su trabajo y camin\u00f3 hacia la parada del colectivo en la esquina de Alem y Lucas C\u00f3rdoba en la ciudad Famaill\u00e1 en Tucum\u00e1n.<\/p>\n<p>Eran apenas dos cuadras. No era una zona que frecuentaba porque no hab\u00eda buena luminosidad. Prefer\u00eda hacer otra vuelta e ir hacia otra parada. Antes de llegar, dos motochorros la interceptaron e intentaron robarle sus pertenencias. En una de sus manos ten\u00eda su celular. Nancy se resisti\u00f3.\u00a0<strong>Llev\u00f3 el celular cerca de su abdomen y trat\u00f3 de alejarlos.<\/strong>\u00a0Uno de los dos delincuentes le dispar\u00f3 dos veces y se dieron a la fuga.<\/p>\n<p>La joven no sufri\u00f3 heridas porque la bala impact\u00f3 de lleno en el tel\u00e9fono celular. El aparato le salv\u00f3 la vida.<\/p>\n<div id=\"7261196-Libre-567937552_wrap\" class=\"embed_cont type_imagen no-epigrafe no-copyright\">\n<div id=\"7261196-Libre-567937552_content\" class=\"embed_content\"><img decoding=\"async\" id=\"7261196-Libre-567937552_embed\" src=\"https:\/\/media.minutouno.com\/adjuntos\/150\/imagenes\/036\/509\/0036509490.jpg?0000-00-00-00-00-00\" alt=\"\" \/><\/div>\n<\/div>\n<p>&#8220;Sin mediar palabra me manote\u00f3 el celular para quit\u00e1rmelo. Yo me resist\u00ed. Entonces, forcejeamos y en ese momento alcanc\u00e9 a llevarme el aparato<strong>a la zona del abdomen. El tipo enseguida me apunt\u00f3 con la pistola y me dispar\u00f3<\/strong>&#8220;, cont\u00f3 Lazarte en declaraciones a C5N.<\/p>\n<p>La joven cont\u00f3 que sali\u00f3 del trabajo hacia la parada del colectivo. Seg\u00fan cuenta, no sol\u00eda ir a esa parada por inseguridad. &#8220;<strong>Hay mucha falta de iluminaci\u00f3n. Esta vez fui porque estaba lloviendo y me quedaba cerca<\/strong>&#8220;, explic\u00f3.<\/p>\n<p>&#8220;No me imagin\u00e9 que iba a reaccionar as\u00ed. No s\u00e9 por qu\u00e9 me resist\u00ed as\u00ed tampoco se si le hubiera dado el celular, sino me disparaban igual.\u00a0<strong>Todav\u00eda no puedo creer lo que pas\u00f3<\/strong>&#8220;, cont\u00f3 en declaraciones a C5N.<\/p>\n<div id=\"7261197-Libre-1156405732_wrap\" class=\"embed_cont type_imagen no-epigrafe no-copyright\">\n<div id=\"7261197-Libre-1156405732_content\" class=\"embed_content\"><img decoding=\"async\" id=\"7261197-Libre-1156405732_embed\" src=\"https:\/\/media.minutouno.com\/adjuntos\/150\/imagenes\/036\/509\/0036509493.jpeg?0000-00-00-00-00-00\" alt=\"\" \/><\/div>\n<\/div>\n<p>Nancy explic\u00f3 que de repente apareci\u00f3 una moto negra. El que iba atr\u00e1s salt\u00f3 cuando la moto todav\u00eda estaba en movimiento y, trastabillando, se dirigi\u00f3 directamente a m\u00ed&#8221;, detall\u00f3.Escuch\u00e9 uno o dos estruendos, no recuerdo bien por el susto&#8221;, agreg\u00f3. Los asaltantes escaparon.\u00a0<strong>Ella recibi\u00f3 la asistencia de otro hombre que fue testigo<\/strong>.<\/p>\n<p>El hombre que la asisti\u00f3, la llev\u00f3 al hospital pero ella no ten\u00eda ninguna herida. El tel\u00e9fono le salv\u00f3 la vida.<\/p>\n<p>El hecho est\u00e1 siendo investigado por la Fiscal\u00eda de Instrucci\u00f3n III del Centro Judicial de Monteros, a cargo de\u00a0<strong>Mar\u00eda Eugenia Posse<\/strong>.<\/p>\n<p>Hasta el momento no se sabe nada de los delincuentes y ya se est\u00e1n realizando todos los peritajes para poder indentificarlos.<\/p>\n<p>&#8220;Claramente que mi vida cambi\u00f3, tengo que volver a trabajar pero no s\u00e9 c\u00f3mo voy a hacer. Tengo mucho miedo&#8221;, dijo<\/p>\n<div class=\"banner \" data-banner-size=\"300x250\">\n<div id=\"div-gpt-ad-1519749973709-4\" data-google-query-id=\"CPnP67_n8OECFUZuwQod24YM4g\"><\/div>\n<\/div>\n","protected":false},"excerpt":{"rendered":"<p>Nancy Patricia Lazarte\u00a0tiene 26 a\u00f1os. Es docente y trabaja en una escuela especial para chicos con discapacidad. El mi\u00e9rcoles a la noche sali\u00f3 de su trabajo y camin\u00f3 hacia la parada del colectivo en la esquina de Alem y Lucas C\u00f3rdoba en la ciudad Famaill\u00e1 en Tucum\u00e1n. Eran apenas dos cuadras. No era una zona [&hellip;]<\/p>\n","protected":false},"author":1,"featured_media":27385,"comment_status":"closed","ping_status":"closed","sticky":false,"template":"","format":"standard","meta":{"footnotes":""},"categories":[8],"tags":[],"class_list":["post-27381","post","type-post","status-publish","format-standard","has-post-thumbnail","hentry","category-policiales"],"_links":{"self":[{"href":"http:\/\/informateesquina.com\/index.php?rest_route=\/wp\/v2\/posts\/27381","targetHints":{"allow":["GET"]}}],"collection":[{"href":"http:\/\/informateesquina.com\/index.php?rest_route=\/wp\/v2\/posts"}],"about":[{"href":"http:\/\/informateesquina.com\/index.php?rest_route=\/wp\/v2\/types\/post"}],"author":[{"embeddable":true,"href":"http:\/\/informateesquina.com\/index.php?rest_route=\/wp\/v2\/users\/1"}],"replies":[{"embeddable":true,"href":"http:\/\/informateesquina.com\/index.php?rest_route=%2Fwp%2Fv2%2Fcomments&post=27381"}],"version-history":[{"count":0,"href":"http:\/\/informateesquina.com\/index.php?rest_route=\/wp\/v2\/posts\/27381\/revisions"}],"wp:featuredmedia":[{"embeddable":true,"href":"http:\/\/informateesquina.com\/index.php?rest_route=\/wp\/v2\/media\/27385"}],"wp:attachment":[{"href":"http:\/\/informateesquina.com\/index.php?rest_route=%2Fwp%2Fv2%2Fmedia&parent=27381"}],"wp:term":[{"taxonomy":"category","embeddable":true,"href":"http:\/\/informateesquina.com\/index.php?rest_route=%2Fwp%2Fv2%2Fcategories&post=27381"},{"taxonomy":"post_tag","embeddable":true,"href":"http:\/\/informateesquina.com\/index.php?rest_route=%2Fwp%2Fv2%2Ftags&post=27381"}],"curies":[{"name":"wp","href":"https:\/\/api.w.org\/{rel}","templated":true}]}}