{"id":27387,"date":"2019-04-27T15:48:50","date_gmt":"2019-04-27T18:48:50","guid":{"rendered":"https:\/\/informateesquina.com\/?p=27387"},"modified":"2019-04-27T15:48:50","modified_gmt":"2019-04-27T18:48:50","slug":"una-aerolinea-por-un-vuelo-cancelado-y-ahora-deben-indemnizarlo-por-130-mil-pesos","status":"publish","type":"post","link":"http:\/\/informateesquina.com\/?p=27387","title":{"rendered":"Denunci\u00f3 a una aerol\u00ednea por un vuelo cancelado y ahora deben indemnizarlo por 130 mil pesos"},"content":{"rendered":"<p><span style=\"color: #111111; font-family: 'Mukta Vaani', sans-serif; font-size: 28px; font-weight: bold;\">La Justicia de C\u00f3rdoba confirm\u00f3 un fallo de primera instancia contra Latam. \u201cFue un experimento jur\u00eddico que sali\u00f3 bien\u201d, dijo el pasajero.<\/span><\/p>\n<p>La Justicia de C\u00f3rdoba confirm\u00f3 un fallo que obliga a la aerol\u00ednea Latam a\u00a0<strong>indemnizar por 134 mil pesos<\/strong>\u00a0a un pasajero por la cancelaci\u00f3n de un vuelo.<\/p>\n<p>El hecho ocurri\u00f3 en 2016, cuando un\u00a0<strong>paro de pilotos<\/strong>alter\u00f3 los planes de Tom\u00e1s Vega, quien\u00a0<strong>deb\u00eda tomarse un avi\u00f3n de C\u00f3rdoba hasta Ezeiza\u00a0<\/strong>para luego viajar desde all\u00ed a los Estados Unidos -de vacaciones- junto a su esposa.<\/p>\n<div class=\"newsletter-embeb\">\n<article>\n<div class=\"bd\">\n<div class=\"mt\">\n<div class=\"data-txt\"><\/div>\n<\/div>\n<\/div>\n<\/article>\n<\/div>\n<p>&#8220;Cuando las empresas cancelan vuelos\u00a0desaparecen completamente: abandonan el trato personal, te contestan con chats automatizados&#8230; Me fui manejando hasta Ezeiza y por suerte pude abordar el otro vuelo. Me devolvieron la plata del que hab\u00eda perdido pero no\u00a0<strong>el costo de la nafta, del estacionamiento del auto<\/strong>, etc\u00e9tera&#8221;, relat\u00f3 Vega a radio Cadena 3.<\/p>\n<p>Tras regresar al pa\u00eds, Vega, que es abogado, le inici\u00f3\u00a0<strong>un reclamo formal\u00a0<\/strong>a Latam. Seis meses despu\u00e9s, al ver que su queja no prosperaba,\u00a0<strong>impuls\u00f3 un juicio\u00a0<\/strong>en el que pidi\u00f3 no s\u00f3lo el reintegro de los gastos ($4.000), sino tambi\u00e9n una\u00a0<strong>indemnizaci\u00f3n por da\u00f1o moral y punitivo<\/strong>.<\/p>\n<p>&#8220;Intent\u00e9 hallar una soluci\u00f3n, pero no la hubo. La empresa me propuso devolverme la plata de los pasajes pero no los gastos del viaje en auto. Hice un reclamo y\u00a0<strong>me respondieron a los tres meses.<\/strong> Como no hab\u00eda salida inici\u00e9 el juicio&#8221;, cont\u00f3 el damnificado.<\/p>\n<p>Un fallo de primera instancia le dio la raz\u00f3n y d\u00edas atr\u00e1s la C\u00e1mara S\u00e9ptima de la Justicia de C\u00f3rdoba rechaz\u00f3 el recurso de apelaci\u00f3n de la compa\u00f1\u00eda que confirm\u00f3 la sanci\u00f3n. <strong>A\u00a0valores actualizados, la indemnizaci\u00f3n superar\u00eda los 250 mil pesos<\/strong>.<\/p>\n<p>&#8220;Esto fue producto de un experimento jur\u00eddico que\u00a0<strong>nunca imagin\u00e9 que iba a salir tan bien<\/strong>. Quise demostrar que las empresas siempre lucran porque no esperan que uno se tome el trabajo de insistir y menos que la Justicia falle de esta forma&#8221;, cerr\u00f3 Vega.<\/p>\n<p>&nbsp;<\/p>\n","protected":false},"excerpt":{"rendered":"<p>La Justicia de C\u00f3rdoba confirm\u00f3 un fallo de primera instancia contra Latam. \u201cFue un experimento jur\u00eddico que sali\u00f3 bien\u201d, dijo el pasajero. La Justicia de C\u00f3rdoba confirm\u00f3 un fallo que obliga a la aerol\u00ednea Latam a\u00a0indemnizar por 134 mil pesos\u00a0a un pasajero por la cancelaci\u00f3n de un vuelo. El hecho ocurri\u00f3 en 2016, cuando un\u00a0paro [&hellip;]<\/p>\n","protected":false},"author":1,"featured_media":27388,"comment_status":"closed","ping_status":"closed","sticky":false,"template":"","format":"standard","meta":{"footnotes":""},"categories":[7],"tags":[],"class_list":["post-27387","post","type-post","status-publish","format-standard","has-post-thumbnail","hentry","category-nacionales"],"_links":{"self":[{"href":"http:\/\/informateesquina.com\/index.php?rest_route=\/wp\/v2\/posts\/27387","targetHints":{"allow":["GET"]}}],"collection":[{"href":"http:\/\/informateesquina.com\/index.php?rest_route=\/wp\/v2\/posts"}],"about":[{"href":"http:\/\/informateesquina.com\/index.php?rest_route=\/wp\/v2\/types\/post"}],"author":[{"embeddable":true,"href":"http:\/\/informateesquina.com\/index.php?rest_route=\/wp\/v2\/users\/1"}],"replies":[{"embeddable":true,"href":"http:\/\/informateesquina.com\/index.php?rest_route=%2Fwp%2Fv2%2Fcomments&post=27387"}],"version-history":[{"count":0,"href":"http:\/\/informateesquina.com\/index.php?rest_route=\/wp\/v2\/posts\/27387\/revisions"}],"wp:featuredmedia":[{"embeddable":true,"href":"http:\/\/informateesquina.com\/index.php?rest_route=\/wp\/v2\/media\/27388"}],"wp:attachment":[{"href":"http:\/\/informateesquina.com\/index.php?rest_route=%2Fwp%2Fv2%2Fmedia&parent=27387"}],"wp:term":[{"taxonomy":"category","embeddable":true,"href":"http:\/\/informateesquina.com\/index.php?rest_route=%2Fwp%2Fv2%2Fcategories&post=27387"},{"taxonomy":"post_tag","embeddable":true,"href":"http:\/\/informateesquina.com\/index.php?rest_route=%2Fwp%2Fv2%2Ftags&post=27387"}],"curies":[{"name":"wp","href":"https:\/\/api.w.org\/{rel}","templated":true}]}}