{"id":27414,"date":"2019-04-29T09:39:07","date_gmt":"2019-04-29T12:39:07","guid":{"rendered":"https:\/\/informateesquina.com\/?p=27414"},"modified":"2019-04-29T09:39:07","modified_gmt":"2019-04-29T12:39:07","slug":"paso-en-santa-fe-bonfatti-es-el-candidato-mas-votado-y-el-peronismo-la-primera-fuerza","status":"publish","type":"post","link":"http:\/\/informateesquina.com\/?p=27414","title":{"rendered":"PASO en Santa Fe: Bonfatti es el candidato m\u00e1s votado y el peronismo la primera fuerza"},"content":{"rendered":"<p style=\"text-align: center;\"><strong><em>En las Primarias, el candidato del Socialismo lider\u00f3 las preferencias, pero la suma de sus dos postulantes le permite al peronismo plantarse como el espacio con m\u00e1s sufragios. Por la alianza Juntos, \u00fanico espacio donde se disput\u00f3 internas, Omar Perotti (peronismo) super\u00f3 con el 28,21% de los votos a Mar\u00eda Eugenia Bielsa (peronismo) que se qued\u00f3 con el 14,48% y entre ambos suman 42,69% de los sufragios, convirti\u00e9ndose en la primera fuerza en San Fe. Mientras que el Frente Progresista C\u00edvico y Social, que postula al candidato oficialista, Antonio Juan Bonfatti, se alz\u00f3 con el 31,15%, seguido por Jos\u00e9 Corral de Cambiemos que obtuvo el 19,68 de los votos.\u00a0\u00a0<\/em><\/strong><\/p>\n<p>&nbsp;<\/p>\n<p>Las Primarias, Abiertas, Simult\u00e1neas y Obligatorias (PASO) en Santa Fe, el tercer distrito electoral del pa\u00eds, ratific\u00f3 este domingo la tendencia de los comicios provinciales desarrollados en el comienzo del a\u00f1o electoral: otra vez asom\u00f3 el poder de las fuerzas locales y un marcado retroceso de Cambiemos, tal como sucedi\u00f3 en las generales de Neuqu\u00e9n y R\u00edo Negro. El peronismo local tambi\u00e9n ten\u00eda motivos para celebrar: la suma de los dos candidatos de la interna le permit\u00eda plantarse como el espacio con m\u00e1s sufragios.<\/p>\n<p>Seg\u00fan el escrutinio provisorio, el socialista Antonio Bonfatti es el candidato m\u00e1s votado individualmente. El ex gobernador y el senador Omar Perotti, quien derrot\u00f3 con holgura a Mar\u00eda Eugenia Bielsa, son los grandes ganadores de la elecci\u00f3n. El radical Jos\u00e9 Corral se ubicaba en el tercer lugar. Santa Fe elegir\u00e1 el 16 de junio pr\u00f3ximo a su nuevo Gobernador.<\/p>\n<p>El sufragio no arroj\u00f3 mayores sorpresas. La mayor\u00eda de las encuestas vaticinaban el escenario que finalmente se concret\u00f3. Bonfatti ratific\u00f3 el poder del Frente Progresista C\u00edvico y Social, que gobierna el territorio desde 2007 en alianza con un sector de la Uni\u00f3n C\u00edvica Radical (UCR).<\/p>\n<p>A pesar del desgaste que provoca la continuidad en el poder, el Socialismo qued\u00f3 bien posicionado para disputar la gobernaci\u00f3n. De lograrlo seguir\u00eda el camino de otras fuerzas provinciales como el Movimiento Popular Neuquino y Juntos Somos R\u00edo Negro.<\/p>\n<p>Como parte del armado electoral el Socialismo ubic\u00f3 en la cabeza de la lista de diputados provinciales al actual gobernador, Miguel Lifschitz, quien no logr\u00f3 reformar la Constituci\u00f3n provincial y qued\u00f3 marginado para ir por la reelecci\u00f3n. El Mandatario mantiene una buena imagen y logr\u00f3 un amplio triunfo, aunque no est\u00e1 claro cu\u00e1nto pudo arrastrar su presencia en favor de Bonfatti. Al no utilizarse en Santa Fe la boleta s\u00e1bana, sino el sistema de boleta \u00fanica, los electores votan en cada categor\u00eda en forma separada.<\/p>\n<p>La pelea del Socialismo para retener la Provincia no asoma sencilla. El peronismo cosech\u00f3 un fuerte respaldo en las urnas. Perotti venci\u00f3 por una amplia diferencia a Bielsa. El ex intendente de Rafaela teji\u00f3 antes del cierre de listas un acuerdo con el kirchnerismo. Cedi\u00f3 espacios clave, aunque durante la campa\u00f1a evit\u00f3 referencias claras o elogios hacia las gestiones de N\u00e9stor y Cristina Kirchner.<\/p>\n<p>El Senador hizo equilibrio y logr\u00f3 con su estrategia aglutinar detr\u00e1s de su candidatura tambi\u00e9n a sectores del peronismo no K y a la mayor\u00eda de los gremios. Tambi\u00e9n jug\u00f3 a su favor la buena llegada con sectores agropecuarios.<\/p>\n<p>El desaf\u00edo ahora ser\u00e1 retener el voto de su rival, con un perfil m\u00e1s progresista y un discurso m\u00e1s cercano al kirchnerismo. &#8220;Que tengamos internas no significa que no haya unidad&#8221;, avis\u00f3 temprano Perotti para invitar a Bielsa a trabajar juntos, cualquiera sea el resultado.<\/p>\n<p>La marca Cambiemos volvi\u00f3 a exhibir el desgaste provocado por la crisis econ\u00f3mica. Amplio ganador en Santa Fe en las legislativas de 2017, el oficialismo nacional ahora qued\u00f3 tercero. Previendo ese magro resultado Corral fue el primer candidato a Gobernador en hablar y anticip\u00f3 que las PASO son s\u00f3lo el &#8220;comienzo de la campa\u00f1a&#8221;.<\/p>\n<p>El porcentaje de votos abre dudas sobre la competitividad del ex presidente del radicalismo y actual intendente santafesino para las generales de junio. Es otro alerta para el Gobierno, que ahora buscar\u00e1 revertir en C\u00f3rdoba, un territorio que hasta el momento se mostr\u00f3 fiel al macrismo, el rechazo que cosech\u00f3 en otras provincias.<\/p>\n<p>&nbsp;<\/p>\n<p>FUENTE: www.clarin.com<\/p>\n","protected":false},"excerpt":{"rendered":"<p>En las Primarias, el candidato del Socialismo lider\u00f3 las preferencias, pero la suma de sus dos postulantes le permite al peronismo plantarse como el espacio con m\u00e1s sufragios. Por la alianza Juntos, \u00fanico espacio donde se disput\u00f3 internas, Omar Perotti (peronismo) super\u00f3 con el 28,21% de los votos a Mar\u00eda Eugenia Bielsa (peronismo) que se [&hellip;]<\/p>\n","protected":false},"author":1,"featured_media":27418,"comment_status":"closed","ping_status":"closed","sticky":false,"template":"","format":"standard","meta":{"footnotes":""},"categories":[7,9],"tags":[136],"class_list":["post-27414","post","type-post","status-publish","format-standard","has-post-thumbnail","hentry","category-nacionales","category-politica","tag-destacados"],"_links":{"self":[{"href":"http:\/\/informateesquina.com\/index.php?rest_route=\/wp\/v2\/posts\/27414","targetHints":{"allow":["GET"]}}],"collection":[{"href":"http:\/\/informateesquina.com\/index.php?rest_route=\/wp\/v2\/posts"}],"about":[{"href":"http:\/\/informateesquina.com\/index.php?rest_route=\/wp\/v2\/types\/post"}],"author":[{"embeddable":true,"href":"http:\/\/informateesquina.com\/index.php?rest_route=\/wp\/v2\/users\/1"}],"replies":[{"embeddable":true,"href":"http:\/\/informateesquina.com\/index.php?rest_route=%2Fwp%2Fv2%2Fcomments&post=27414"}],"version-history":[{"count":0,"href":"http:\/\/informateesquina.com\/index.php?rest_route=\/wp\/v2\/posts\/27414\/revisions"}],"wp:featuredmedia":[{"embeddable":true,"href":"http:\/\/informateesquina.com\/index.php?rest_route=\/wp\/v2\/media\/27418"}],"wp:attachment":[{"href":"http:\/\/informateesquina.com\/index.php?rest_route=%2Fwp%2Fv2%2Fmedia&parent=27414"}],"wp:term":[{"taxonomy":"category","embeddable":true,"href":"http:\/\/informateesquina.com\/index.php?rest_route=%2Fwp%2Fv2%2Fcategories&post=27414"},{"taxonomy":"post_tag","embeddable":true,"href":"http:\/\/informateesquina.com\/index.php?rest_route=%2Fwp%2Fv2%2Ftags&post=27414"}],"curies":[{"name":"wp","href":"https:\/\/api.w.org\/{rel}","templated":true}]}}