{"id":27430,"date":"2019-04-29T13:02:00","date_gmt":"2019-04-29T16:02:00","guid":{"rendered":"https:\/\/informateesquina.com\/?p=27430"},"modified":"2019-04-29T13:02:00","modified_gmt":"2019-04-29T16:02:00","slug":"iban-en-moto-con-un-bebe-y-chocaron-con-un-automovil","status":"publish","type":"post","link":"http:\/\/informateesquina.com\/?p=27430","title":{"rendered":"Iban en moto, con un beb\u00e9 y chocaron con un autom\u00f3vil"},"content":{"rendered":"<p>Este lunes por la ma\u00f1ana dos mujeres circulaban sin casco en una motocicleta, llevaban a bordo a un beb\u00e9 de aproximadamente un a\u00f1o y chocaron con un autom\u00f3vil.<\/p>\n<p>El accidente se produjo en la intersecci\u00f3n de Sargento Cabral y 25 de Mayo.<\/p>\n<p>Leandro Ram\u00edrez, director del hospital San Roque habl\u00f3 con Informate Esquina y coment\u00f3 que una de las mujeres sufri\u00f3 heridas leves, mientras que la otra result\u00f3 ilesa. &#8220;El beb\u00e9 est\u00e1 a salvo porque su mam\u00e1 amortigu\u00f3 los golpes&#8221;, explic\u00f3.<\/p>\n<p>&nbsp;<\/p>\n","protected":false},"excerpt":{"rendered":"<p>Este lunes por la ma\u00f1ana dos mujeres circulaban sin casco en una motocicleta, llevaban a bordo a un beb\u00e9 de aproximadamente un a\u00f1o y chocaron con un autom\u00f3vil. El accidente se produjo en la intersecci\u00f3n de Sargento Cabral y 25 de Mayo. Leandro Ram\u00edrez, director del hospital San Roque habl\u00f3 con Informate Esquina y coment\u00f3 [&hellip;]<\/p>\n","protected":false},"author":1,"featured_media":27431,"comment_status":"closed","ping_status":"closed","sticky":false,"template":"","format":"standard","meta":{"footnotes":""},"categories":[6,8],"tags":[],"class_list":["post-27430","post","type-post","status-publish","format-standard","has-post-thumbnail","hentry","category-locales","category-policiales"],"_links":{"self":[{"href":"http:\/\/informateesquina.com\/index.php?rest_route=\/wp\/v2\/posts\/27430","targetHints":{"allow":["GET"]}}],"collection":[{"href":"http:\/\/informateesquina.com\/index.php?rest_route=\/wp\/v2\/posts"}],"about":[{"href":"http:\/\/informateesquina.com\/index.php?rest_route=\/wp\/v2\/types\/post"}],"author":[{"embeddable":true,"href":"http:\/\/informateesquina.com\/index.php?rest_route=\/wp\/v2\/users\/1"}],"replies":[{"embeddable":true,"href":"http:\/\/informateesquina.com\/index.php?rest_route=%2Fwp%2Fv2%2Fcomments&post=27430"}],"version-history":[{"count":0,"href":"http:\/\/informateesquina.com\/index.php?rest_route=\/wp\/v2\/posts\/27430\/revisions"}],"wp:featuredmedia":[{"embeddable":true,"href":"http:\/\/informateesquina.com\/index.php?rest_route=\/wp\/v2\/media\/27431"}],"wp:attachment":[{"href":"http:\/\/informateesquina.com\/index.php?rest_route=%2Fwp%2Fv2%2Fmedia&parent=27430"}],"wp:term":[{"taxonomy":"category","embeddable":true,"href":"http:\/\/informateesquina.com\/index.php?rest_route=%2Fwp%2Fv2%2Fcategories&post=27430"},{"taxonomy":"post_tag","embeddable":true,"href":"http:\/\/informateesquina.com\/index.php?rest_route=%2Fwp%2Fv2%2Ftags&post=27430"}],"curies":[{"name":"wp","href":"https:\/\/api.w.org\/{rel}","templated":true}]}}