{"id":27434,"date":"2019-04-29T17:42:51","date_gmt":"2019-04-29T20:42:51","guid":{"rendered":"https:\/\/informateesquina.com\/?p=27434"},"modified":"2019-04-29T17:42:51","modified_gmt":"2019-04-29T20:42:51","slug":"por-que-se-celebra-hoy-el-dia-del-animal","status":"publish","type":"post","link":"http:\/\/informateesquina.com\/?p=27434","title":{"rendered":"\u00bfPor qu\u00e9 se celebra hoy el D\u00eda del Animal?"},"content":{"rendered":"<div class=\"row pb-content-type-text\">\n<div class=\"col-xs-12 col-print-12\">\n<p class=\"element element-paragraph\"><strong>Ignacio Albarrac\u00edn<\/strong>, presidente de la Sociedad Argentina de Protecci\u00f3n de Animales (SAPA), caminaba por las calles de Buenos Aires cuando observ\u00f3 a un grupo de estudiantes de escuela primaria a la salida de sus clases. Era 1906 y los ni\u00f1os tiraban sus cuadernos para sacar de sus bolsillos traseros una honda con la que comenzaron a lanzar piedras contra una bandada de gorriones que dorm\u00edan sobre las cornisas y molduras de las casas.<\/p>\n<\/div>\n<\/div>\n<div class=\"row pb-content-type-text\">\n<div class=\"col-xs-12 col-print-12\">\n<p class=\"element element-paragraph\">Sorprendido por lo que ya hac\u00eda tiempo estaba viendo, el padre del proteccionismo de animales de Argentina y promotor de la Ley Sarmiento (la primera para defender animales) escribi\u00f3: &#8220;<strong>La educaci\u00f3n de nuestros ni\u00f1os se resiente ante la falta de principios y pr\u00e1cticas humanitarias.<\/strong>\u00a0Los que saben qu\u00e9 es la escuela, qu\u00e9 misi\u00f3n les tienen confiada los pueblos amantes de la civilizaci\u00f3n y del progreso, comprender\u00e1n c\u00f3mo denuncia una verdadera anomal\u00eda la presencia de estos peque\u00f1os monstruos&#8221;.<\/p>\n<\/div>\n<\/div>\n<div class=\"row pb-content-type-image\">\n<figure class=\"element element-image col-xs-12\">\n<div class=\"single-image\">\n<div class=\"shares\">\n<div class=\"share-button facebook\" data-url=\"https:\/\/www.infobae.com\/sociedad\/2019\/04\/29\/por-que-se-celebra-hoy-el-dia-del-animal\/%23WR3AHZZ26FCTJMG3ZDFKKA4EBI\" data-original=\"https:\/\/s3.amazonaws.com\/arc-wordpress-client-uploads\/infobae-wp\/wp-content\/uploads\/2019\/04\/26180823\/Festejo-dia-del-animal-5.jpg\"><\/div>\n<\/div>\n<p><img decoding=\"async\" id=\"WR3AHZZ26FCTJMG3ZDFKKA4EBI\" class=\"image-lazy\" src=\"https:\/\/www.infobae.com\/new-resizer\/JQn5KT48lu1539cXNdXhI1geIS0=\/750x0\/filters:quality(100)\/s3.amazonaws.com\/arc-wordpress-client-uploads\/infobae-wp\/wp-content\/uploads\/2019\/04\/26180823\/Festejo-dia-del-animal-5.jpg\" alt=\"Ignacio Albarrac\u00edn en la tribuna donde fue testigo de la primera Fiesta del Animal. Buenos Aires, 1908.\" width=\"750\" height=\"421.875\" data-url=\"https:\/\/www.infobae.com\/sociedad\/2019\/04\/29\/por-que-se-celebra-hoy-el-dia-del-animal\/%23WR3AHZZ26FCTJMG3ZDFKKA4EBI\" data-original=\"https:\/\/www.infobae.com\/new-resizer\/JQn5KT48lu1539cXNdXhI1geIS0=\/750x0\/filters:quality(100)\/s3.amazonaws.com\/arc-wordpress-client-uploads\/infobae-wp\/wp-content\/uploads\/2019\/04\/26180823\/Festejo-dia-del-animal-5.jpg\" \/><\/div><figcaption class=\"\"><span class=\"credit\">Ignacio Albarrac\u00edn en la tribuna donde fue testigo de la primera Fiesta del Animal. Buenos Aires, 1908.<\/span><\/figcaption><\/figure>\n<\/div>\n<div class=\"row pb-content-type-text\">\n<div class=\"col-xs-12 col-print-12\">\n<p class=\"element element-paragraph\">Si algo caracteriz\u00f3 a Albarrac\u00edn fueron sus tajantes declaraciones y las irrefrenables reacciones cuando ve\u00eda a un animal dominado por los impulsos humanos.<\/p>\n<\/div>\n<\/div>\n<div class=\"row pb-content-type-text\">\n<div id=\"\" class=\"wrapper clearfix pb-feature pb-layout-item pb-f-ads-dfp left-align\">\n<div id=\"inline\" class=\"ad-slot\">\n<div id=\"inline_ad\" data-google-query-id=\"CNC9yMWU9uECFRZuwQodRBAMjA\">\n<div id=\"google_ads_iframe_\/1058609\/infobae\/sociedad\/nota\/inline_0__container__\"><iframe id=\"google_ads_iframe_\/1058609\/infobae\/sociedad\/nota\/inline_0\" title=\"3rd party ad content\" name=\"google_ads_iframe_\/1058609\/infobae\/sociedad\/nota\/inline_0\" width=\"1\" height=\"1\" frameborder=\"0\" marginwidth=\"0\" marginheight=\"0\" scrolling=\"no\" data-google-container-id=\"6\" data-load-complete=\"true\" data-mce-fragment=\"1\"><\/iframe><\/div>\n<\/div>\n<\/div>\n<\/div>\n<div class=\"col-xs-12 col-print-12\">\n<p class=\"element element-paragraph\">Tras el episodio con aquellos ni\u00f1os,\u00a0anticip\u00f3 que algo no estaba bien en la sociedad argentina, al menos la porte\u00f1a, y puso su empe\u00f1o para que las malas costumbres de lastimar animales comenzaran a desarraigarse desde las escuelas. Fue otro de sus grandes pasos.<\/p>\n<\/div>\n<\/div>\n<div class=\"row pb-content-type-text\">\n<div class=\"col-xs-12 col-print-12\">\n<p class=\"element element-paragraph\">&#8220;Una lecci\u00f3n por semana, durante media hora nom\u00e1s, ya que los padres de familia en su mayor\u00eda la descuidan, y no tendr\u00edamos ni\u00f1os terribles que en las calles, y seguramente en sus casas, no respetan a nadie&#8221;, propon\u00eda Albarrac\u00edn.<\/p>\n<\/div>\n<\/div>\n<div class=\"row pb-content-type-text\">\n<div class=\"col-xs-12 col-print-12\">\n<p class=\"element element-paragraph\">Con esa consigna, y luego de reprender a los maestros por no sacarles a los ni\u00f1os las letales armas cuando\u00a0los ve\u00edan portarlas en los recreos ni cuando las usaban en la calle delante de ellos, Albarrac\u00edn propuso que se incorporase en el programa escolar la materia &#8220;Educaci\u00f3n Humanitaria&#8221;, con el deseo de educar a buenas personas para el futuro.<\/p>\n<\/div>\n<\/div>\n<div class=\"row pb-content-type-text\">\n<div class=\"col-xs-12 col-print-12\">\n<p class=\"element element-paragraph\"><strong>&#8220;Sin la bondad, la civilizaci\u00f3n no es m\u00e1s que una mera palabra&#8221;<\/strong>, dijo el pr\u00f3cer de los animales. De all\u00ed surgi\u00f3 la idea de que fuera un festejo el que abriera las puertas a la educaci\u00f3n y el respeto sobre la vida de los &#8220;m\u00e1s indefensos&#8221;. Tomando ideas de otros pa\u00edses desde la SAPA propuso que se\u00a0celebrara en Buenos Aires una gran fiesta por el D\u00eda del Animal.<\/p>\n<\/div>\n<\/div>\n<div class=\"row pb-content-type-text\">\n<div class=\"col-xs-12 col-print-12\">\n<p class=\"element element-paragraph\"><strong>29 de abril de 1908, el d\u00eda que los animales tuvieron su fiesta<\/strong><\/p>\n<\/div>\n<\/div>\n<div class=\"row pb-content-type-image\">\n<figure class=\"element element-image col-xs-12\">\n<div class=\"single-image\">\n<div class=\"shares\">\n<div class=\"share-button facebook\" data-url=\"https:\/\/www.infobae.com\/sociedad\/2019\/04\/29\/por-que-se-celebra-hoy-el-dia-del-animal\/%23VX5QXIEUUNCU7PLPOM6MJSOPJY\" data-original=\"https:\/\/s3.amazonaws.com\/arc-wordpress-client-uploads\/infobae-wp\/wp-content\/uploads\/2019\/04\/26180759\/Festejo-dia-del-animal-1.jpg\"><\/div>\n<\/div>\n<p><img decoding=\"async\" id=\"VX5QXIEUUNCU7PLPOM6MJSOPJY\" class=\"image-lazy\" src=\"https:\/\/www.infobae.com\/new-resizer\/IOw2y0SZF-IRgEo7SbH8WjG9P3Q=\/750x0\/filters:quality(100)\/s3.amazonaws.com\/arc-wordpress-client-uploads\/infobae-wp\/wp-content\/uploads\/2019\/04\/26180759\/Festejo-dia-del-animal-1.jpg\" alt=\"Fiesta del D\u00eda del Animal. En 1908 y tras casi dos a\u00f1os de insistencia, Ignacio Albarrac\u00edn logr\u00f3 que el pa\u00eds tenga un d\u00eda dedicado a hablar de los animales. Cerca de 15 mil personas asistieron a la primera celebraci\u00f3n en Buenos Aires.\" width=\"750\" height=\"421.875\" data-url=\"https:\/\/www.infobae.com\/sociedad\/2019\/04\/29\/por-que-se-celebra-hoy-el-dia-del-animal\/%23VX5QXIEUUNCU7PLPOM6MJSOPJY\" data-original=\"https:\/\/www.infobae.com\/new-resizer\/IOw2y0SZF-IRgEo7SbH8WjG9P3Q=\/750x0\/filters:quality(100)\/s3.amazonaws.com\/arc-wordpress-client-uploads\/infobae-wp\/wp-content\/uploads\/2019\/04\/26180759\/Festejo-dia-del-animal-1.jpg\" \/><\/div><figcaption class=\"\"><span class=\"credit\">Fiesta del D\u00eda del Animal. En 1908 y tras casi dos a\u00f1os de insistencia, Ignacio Albarrac\u00edn logr\u00f3 que el pa\u00eds tenga un d\u00eda dedicado a hablar de los animales. Cerca de 15 mil personas asistieron a la primera celebraci\u00f3n en Buenos Aires.<\/span><\/figcaption><\/figure>\n<\/div>\n<div class=\"row pb-content-type-text\">\n<div class=\"col-xs-12 col-print-12\">\n<p class=\"element element-paragraph\">&#8220;<strong>Nuestro D\u00eda el Animal fue una creaci\u00f3n completamente original y convirti\u00f3 a la Argentina en el primer pa\u00eds del mundo en registrar esa celebraci\u00f3n<\/strong>. Sin embargo,\u00a0reconoce dos fuentes de inspiraci\u00f3n \u2014cuenta la escritora\u00a0<strong>Patricia Urich<\/strong>\u2014. Una de ellas fue el D\u00eda del P\u00e1jaro que fue instaurado a fines del siglo XIX en algunas ciudades de los Estados Unidos por iniciativa de un maestro con el prop\u00f3sito de promover entre los ni\u00f1os el conocimiento y los buenos y los buenos sentimientos hacia los animales. El otro antecedente fue el Domingo del Alma (Animal Sunday), que comenz\u00f3 a celebrarse en los templos protestantes ingleses a partir de 1905\u2033.<\/p>\n<\/div>\n<\/div>\n<div class=\"row pb-content-type-raw_html\">\n<div class=\"element element-rawhtml col-xs-12\">\n<div id=\"powa-efecbd77-9cdc-4075-ae40-981f68e73067\" class=\"powa arc-player powa-processed\" data-aspect-ratio=\"0.562\" data-env=\"prod\" data-org=\"infobae\" data-uuid=\"efecbd77-9cdc-4075-ae40-981f68e73067\" data-powa-index=\"0\">\n<div id=\"powa-efecbd77-9cdc-4075-ae40-981f68e73067-powa-shot\" class=\"powa-shot\">\n<div class=\"powa-shot-image powa-shot-click powa-shot-click-play\">\n<div class=\"powa-shot-play-btn powa-shot-click powa-shot-click-play\"><i class=\"fa fa-play\"><\/i><span class=\"play-text\">\u00a0Play<\/span><\/div>\n<\/div>\n<\/div>\n<\/div>\n<\/div>\n<\/div>\n<div class=\"row pb-content-type-text\">\n<div class=\"col-xs-12 col-print-12\">\n<p class=\"element element-paragraph\"><em>Primera Fiesta del Animal. 1908.<\/em><\/p>\n<\/div>\n<\/div>\n<div class=\"row pb-content-type-text\">\n<div class=\"col-xs-12 col-print-12\">\n<p class=\"element element-paragraph\"><a href=\"https:\/\/www.infobae.com\/sociedad\/2018\/04\/29\/la-historia-del-primer-defensor-de-los-derechos-de-los-animales-en-argentina\/\" target=\"_blank\" rel=\"noopener noreferrer\"><strong>Albarrac\u00edn<\/strong>, apodado el &#8216;<em>Loco&#8217;<\/em>\u00a0por su tenaz defensa de los animales<\/a>, quer\u00eda que en Argentina se celebre un d\u00eda para hablar de todos los animales y tomando los ejemplos mencionados escribi\u00f3: &#8220;Sobre los 7 mil ni\u00f1os de una gran escuela p\u00fablica de Edimburgo que han recibido la ense\u00f1anza humanitaria ninguno de estos fue, en el curso de su vida, perseguido por asunto criminal&#8221;.<\/p>\n<\/div>\n<\/div>\n<div class=\"row pb-content-type-text\">\n<div class=\"col-xs-12 col-print-12\">\n<p class=\"element element-paragraph\">Le dieron la raz\u00f3n y\u00a0lejos de imitar otros festejos que hac\u00edan en honor a las aves y a los \u00e1rboles, \u00e9l insisti\u00f3 en homenajear a todas las especies. As\u00ed elev\u00f3 la propuesta y se le ofreci\u00f3 celebrarlo durante los d\u00edas h\u00e1biles de la semana en el jard\u00edn zool\u00f3gico antes de la primavera (para que los ni\u00f1os no fueran testigos de los impulsos amatorios de los animales). Acept\u00f3 porque entonces le pareci\u00f3 buena idea celebrar en medio de las jaulas. Idea de la que desisti\u00f3 m\u00e1s tarde al punto de pelearse con su director,\u00a0<strong>Clemente Onelli<\/strong>.<\/p>\n<\/div>\n<\/div>\n<div class=\"row pb-content-type-image\">\n<figure class=\"element element-image col-xs-12\">\n<div class=\"single-image\">\n<div class=\"shares\">\n<div class=\"share-button facebook\" data-url=\"https:\/\/www.infobae.com\/sociedad\/2019\/04\/29\/por-que-se-celebra-hoy-el-dia-del-animal\/%23AOMJG647LNDEHAAONX3IAIDKVU\" data-original=\"https:\/\/s3.amazonaws.com\/arc-wordpress-client-uploads\/infobae-wp\/wp-content\/uploads\/2019\/04\/26180829\/Festejo-dia-del-animal-6.jpg\"><\/div>\n<\/div>\n<p><img decoding=\"async\" id=\"AOMJG647LNDEHAAONX3IAIDKVU\" class=\"image-lazy\" src=\"https:\/\/www.infobae.com\/new-resizer\/llV1u_GFP8WcWiKF2k30EX511k0=\/750x0\/filters:quality(100)\/s3.amazonaws.com\/arc-wordpress-client-uploads\/infobae-wp\/wp-content\/uploads\/2019\/04\/26180829\/Festejo-dia-del-animal-6.jpg\" alt=\"Brindis tras la primera Fiesta del Animal. Al lado de Ignacio Albarrac\u00edn est\u00e1 el presidente Jos\u00e9 Figueroa Alcorta.\" width=\"750\" height=\"349.67532467532465\" data-url=\"https:\/\/www.infobae.com\/sociedad\/2019\/04\/29\/por-que-se-celebra-hoy-el-dia-del-animal\/%23AOMJG647LNDEHAAONX3IAIDKVU\" data-original=\"https:\/\/www.infobae.com\/new-resizer\/llV1u_GFP8WcWiKF2k30EX511k0=\/750x0\/filters:quality(100)\/s3.amazonaws.com\/arc-wordpress-client-uploads\/infobae-wp\/wp-content\/uploads\/2019\/04\/26180829\/Festejo-dia-del-animal-6.jpg\" \/><\/div><figcaption class=\"\"><span class=\"credit\">Brindis tras la primera Fiesta del Animal. Al lado de Ignacio Albarrac\u00edn est\u00e1 el presidente Jos\u00e9 Figueroa Alcorta.<\/span><\/figcaption><\/figure>\n<\/div>\n<div class=\"row pb-content-type-text\">\n<div class=\"col-xs-12 col-print-12\">\n<p class=\"element element-paragraph\">Entonces, ten\u00eda lugar y faltaba elegir la fecha. Albarrac\u00edn no quer\u00eda que fuera entrado el oto\u00f1o por fr\u00edo y no quer\u00eda esperar mucho tiempo. As\u00ed que decidi\u00f3 que fuera el mi\u00e9rcoles 29 de abril. Pero la lluvia que inund\u00f3 Buenos Aires hizo que se postergara al s\u00e1bado 2 de mayo.<\/p>\n<\/div>\n<\/div>\n<div class=\"row pb-content-type-text\">\n<div class=\"col-xs-12 col-print-12\">\n<p class=\"element element-paragraph\"><strong>As\u00ed, se celebr\u00f3 la primera Fiesta del Animal<\/strong>. El diario\u00a0<em>La Naci\u00f3n<\/em>, que cubri\u00f3 el evento, escribi\u00f3 que asistieron 15 mil ni\u00f1os y<em>\u00a0La Argentina<\/em>\u00a0estim\u00f3 que participaron 13 mil ni\u00f1os y 8 mil adultos.<\/p>\n<\/div>\n<\/div>\n<div class=\"row pb-content-type-text\">\n<div class=\"col-xs-12 col-print-12\">\n<p class=\"element element-paragraph\">Tras el memorable festejo, &#8220;el pr\u00f3cer de los animales&#8221; pidi\u00f3 que desde entonces cada 29 de abril se celebrara la vida de los animales y que en ese d\u00eda los ni\u00f1os les escribieran poemas.<\/p>\n<\/div>\n<\/div>\n<div class=\"row pb-content-type-text\">\n<div class=\"col-xs-12 col-print-12\">\n<p class=\"element element-paragraph\">Con el tiempo, la fiesta pas\u00f3 a llamarse D\u00eda del Animal. La casualidad, quiz\u00e1 no, hizo que<strong>Ignacio Albarrac\u00edn muriera un 29 de abril y que tras su deceso se tomara la decisi\u00f3n definitiva de inmortalizar la fecha recordando tambi\u00e9n su incansable labor.<\/strong><\/p>\n<\/div>\n<\/div>\n<div class=\"row pb-content-type-text\">\n<div class=\"col-xs-12 col-print-12\">\n<p class=\"element element-paragraph\"><strong>&#8220;Mi abuelo fue un visionario en la defensa de los derechos de los animales&#8221;<\/strong><\/p>\n<\/div>\n<\/div>\n<div class=\"row pb-content-type-image\">\n<figure class=\"element element-image col-xs-12\">\n<div class=\"single-image\">\n<div class=\"shares\">\n<div class=\"share-button facebook\" data-url=\"https:\/\/www.infobae.com\/sociedad\/2019\/04\/29\/por-que-se-celebra-hoy-el-dia-del-animal\/%23RYY3X6MPN5GU5AKMDTOT2YWJ7E\" data-original=\"https:\/\/s3.amazonaws.com\/arc-wordpress-client-uploads\/infobae-wp\/wp-content\/uploads\/2019\/04\/26182836\/sara-albarracin-1.jpg\"><\/div>\n<\/div>\n<p><img decoding=\"async\" id=\"RYY3X6MPN5GU5AKMDTOT2YWJ7E\" class=\"image-lazy\" src=\"https:\/\/www.infobae.com\/new-resizer\/uKB83rhCfKTiBOjx7j3ufRIadZs=\/750x0\/filters:quality(100)\/s3.amazonaws.com\/arc-wordpress-client-uploads\/infobae-wp\/wp-content\/uploads\/2019\/04\/26182836\/sara-albarracin-1.jpg\" alt=\"Sara Albarrac\u00edn, la nieta del primer defensor de los derechos animales. (Gentileza Sara Albarrac\u00edn)\" width=\"750\" height=\"421.875\" data-url=\"https:\/\/www.infobae.com\/sociedad\/2019\/04\/29\/por-que-se-celebra-hoy-el-dia-del-animal\/%23RYY3X6MPN5GU5AKMDTOT2YWJ7E\" data-original=\"https:\/\/www.infobae.com\/new-resizer\/uKB83rhCfKTiBOjx7j3ufRIadZs=\/750x0\/filters:quality(100)\/s3.amazonaws.com\/arc-wordpress-client-uploads\/infobae-wp\/wp-content\/uploads\/2019\/04\/26182836\/sara-albarracin-1.jpg\" \/><\/div><figcaption class=\"\"><span class=\"credit\">Sara Albarrac\u00edn, la nieta del primer defensor de los derechos animales. (Gentileza Sara Albarrac\u00edn)<\/span><\/figcaption><\/figure>\n<\/div>\n<div class=\"row pb-content-type-text\">\n<div class=\"col-xs-12 col-print-12\">\n<p class=\"element element-paragraph\"><strong>Sara Albarrac\u00edn\u00a0<\/strong>(87), nieta de Ignacio, habl\u00f3 por primera con un medio argentino y lo hizo para recordar al gran protector argentino de los animales.<\/p>\n<\/div>\n<\/div>\n<div class=\"row pb-content-type-text\">\n<div class=\"col-xs-12 col-print-12\">\n<p class=\"element element-paragraph\">&#8220;Mi padre me contaba que mi abuelo era un luchador, que era muy honesto y muy desinteresado; cosas que a\u00fan sorprende. Naci\u00f3 en San Juan, era abogado y cuando lleg\u00f3 a Buenos Aires se acerc\u00f3 a (Domingo Faustino)\u00a0<strong>Sarmiento<\/strong>, que era\u00a0un familiar muy cercano, y entablaron una amistad muy cercana. Lo admiraba, eran muy unidos. Cuando asumi\u00f3 como presidente de la SAPA nunca m\u00e1s ejerci\u00f3 como abogado de las personas. Dej\u00f3 la profesi\u00f3n y se dedic\u00f3 solamente a ser defensor de los animales. O sea que ah\u00ed deviene toda la parte econ\u00f3mica, digamos, porque su trabajo no era redituado sino todo lo contrario&#8221;, revel\u00f3 a\u00a0<strong>Infobae<\/strong>\u00a0Sara quien hered\u00f3 de su abuelo paterno el amor a los animales.<\/p>\n<\/div>\n<\/div>\n<div class=\"row pb-content-type-text\">\n<div class=\"col-xs-12 col-print-12\">\n<p class=\"element element-paragraph\">&#8220;Cuando Sarmiento se va, mi abuelo asume como presidente de la SAPA y estuvo all\u00ed m\u00e1s de 40 a\u00f1os, hasta que muri\u00f3.<strong>\u00a0\u00a1Y siempre luchaba por sus animales!\u00a0<\/strong>Mi abuelo ten\u00eda mucho car\u00e1cter, as\u00ed como era muy sensible tambi\u00e9n ten\u00eda mucho car\u00e1cter sobre todo por las cosas que ve\u00eda que pasaban&#8221;, afirm\u00f3 la mujer, confesa proteccionista.<\/p>\n<\/div>\n<\/div>\n<div class=\"row pb-content-type-text\">\n<div class=\"col-xs-12 col-print-12\">\n<p class=\"element element-paragraph\">Cuando Albarrac\u00edn caminaba por las calles de adoquines lo hac\u00eda de traje, con un sombrero que escond\u00eda su pelo blanco y con un bast\u00f3n, que no solo usaba para ayudarse a caminar.<\/p>\n<\/div>\n<\/div>\n<div class=\"row pb-content-type-image\">\n<figure class=\"element element-image col-xs-12\">\n<div class=\"single-image\">\n<div class=\"shares\">\n<div class=\"share-button facebook\" data-url=\"https:\/\/www.infobae.com\/sociedad\/2019\/04\/29\/por-que-se-celebra-hoy-el-dia-del-animal\/%23HOZJBYDIZZCHHJK4GC2TGIFDUY\" data-original=\"https:\/\/s3.amazonaws.com\/arc-wordpress-client-uploads\/infobae-wp\/wp-content\/uploads\/2019\/04\/26180805\/Festejo-dia-del-animal-2.jpg\"><\/div>\n<\/div>\n<p><img decoding=\"async\" id=\"HOZJBYDIZZCHHJK4GC2TGIFDUY\" class=\"image-lazy\" src=\"https:\/\/www.infobae.com\/new-resizer\/7VrR-u4sxsfG7FhRCcB6DvwOxPE=\/750x0\/filters:quality(100)\/s3.amazonaws.com\/arc-wordpress-client-uploads\/infobae-wp\/wp-content\/uploads\/2019\/04\/26180805\/Festejo-dia-del-animal-2.jpg\" alt=\"En 1911, Ignacio Albarrac\u00edn (en el centro) fue juzgado por desacato a la autoridad.\" width=\"750\" height=\"371.1038961038961\" data-url=\"https:\/\/www.infobae.com\/sociedad\/2019\/04\/29\/por-que-se-celebra-hoy-el-dia-del-animal\/%23HOZJBYDIZZCHHJK4GC2TGIFDUY\" data-original=\"https:\/\/www.infobae.com\/new-resizer\/7VrR-u4sxsfG7FhRCcB6DvwOxPE=\/750x0\/filters:quality(100)\/s3.amazonaws.com\/arc-wordpress-client-uploads\/infobae-wp\/wp-content\/uploads\/2019\/04\/26180805\/Festejo-dia-del-animal-2.jpg\" \/><\/div><figcaption class=\"\"><span class=\"credit\">En 1911, Ignacio Albarrac\u00edn (en el centro) fue juzgado por desacato a la autoridad.<\/span><\/figcaption><\/figure>\n<\/div>\n<div class=\"row pb-content-type-text\">\n<div class=\"col-xs-12 col-print-12\">\n<p class=\"element element-paragraph\">Por aquellos a\u00f1os, los carruajes tirados por caballos eran el medio de locomoci\u00f3n permitido en Buenos Aires y pese a que Albarrac\u00edn intent\u00f3 frenar su avance no pudo. Entonces busc\u00f3 la manera en que, al menos, se respetase a los animales que hac\u00edan de veh\u00edculos.<\/p>\n<\/div>\n<\/div>\n<div class=\"row pb-content-type-text\">\n<div class=\"col-xs-12 col-print-12\">\n<p class=\"element element-paragraph\">&#8220;<strong>Mi pap\u00e1 contaba que mi abuelo se peleaba con los cocheros que manejaban los carruajes<\/strong>\u00a0y que cuando logr\u00f3 que se sancione en 1891 la ley 2786, o Ley Sarmiento, hizo lo imposible para que se cumpliera&#8221;, apunt\u00f3 Sara.<\/p>\n<\/div>\n<\/div>\n<div class=\"row pb-content-type-text\">\n<div class=\"col-xs-12 col-print-12\">\n<p class=\"element element-paragraph\">&#8220;Antes de esa ley, tan importante para el proteccionismo,\u00a0no hab\u00eda nada y cualquiera pod\u00eda hacer cualquier cosa con un animal porque no iba a ser reprendido ni multado; entonces cuando sali\u00f3 mi abuelo ten\u00eda fundamentos para condenar a alguien, pero pese a eso sigui\u00f3 luchando para se sancionaran ordenanzas municipales. Una de ellas fue para proteger a los caballos usados en los carros. Ped\u00eda que, como se insolaban f\u00e1cilmente, se les pusiera en verano una especie de sombrero para protegerles las cabezas del sol y que fuera de lona o de lo sea pero que los protegieran. Ese fue otro motivo para que se burlasen de \u00e9l. La gente dec\u00eda<em>\u00a0&#8216;\u00a1Ahora\u00a0este loco de Albarrac\u00edn quiere que los caballos usen sombreros!<\/em>&#8216;&#8221;, agreg\u00f3 la nieta de Albarrac\u00edn.<\/p>\n<\/div>\n<\/div>\n<div class=\"row pb-content-type-text\">\n<div class=\"col-xs-12 col-print-12\">\n<p class=\"element element-paragraph\">&#8220;Adem\u00e1s mi abuelo se opuso al tiro a la paloma, a las ri\u00f1as de gallos. \u00a1Contra todo eso se supon\u00eda y luch\u00f3 contra muchas cosas m\u00e1s! Hasta se opuso a que se hiciera una corrida de toros para homenajear a la Infanta que llegaba de Espa\u00f1a&#8221;, reconoce la orgullosa nieta, que a la vez confiesa: &#8220;Mi abuelo era un visionario. Tampoco quer\u00eda que existiera el zool\u00f3gicos porque no le gustaba que los animales est\u00e9n enjaulados \u2014&#8217;<em>inocentes presos&#8217;, les dec\u00eda a los animales que estaba all\u00ed<\/em>\u2014 Y para \u00e9l todo fue una lucha, lucha y m\u00e1s lucha contra todo lo que no le gustaba&#8221;<\/p>\n<\/div>\n<\/div>\n<div class=\"row pb-content-type-text\">\n<div class=\"col-xs-12 col-print-12\">\n<p class=\"element element-paragraph\">Fue para el aniversario de aquella primera Fiesta del Animal que el<em>\u00a0Diario Cr\u00edtica<\/em>\u00a0le hizo una entrevista a Albarrac\u00edn en la que recordaba el camino que hab\u00eda iniciado 20 a\u00f1os antes. &#8220;Le hicieron un lindo homenaje en reconocimiento a lo que hizo por los animales. Se ve que se emocion\u00f3 mucho, \u00e9l ya sufr\u00eda del coraz\u00f3n, y se descompuso el 29 de abril.\u00a0<strong>No lleg\u00f3 a terminar ese d\u00eda<\/strong>&#8220;, lament\u00f3 Sara.<\/p>\n<\/div>\n<\/div>\n<div class=\"row pb-content-type-image\">\n<figure class=\"element element-image col-xs-12\">\n<div class=\"single-image\">\n<div class=\"shares\">\n<div class=\"share-button facebook\" data-url=\"https:\/\/www.infobae.com\/sociedad\/2019\/04\/29\/por-que-se-celebra-hoy-el-dia-del-animal\/%23EISZ6UCQ6NBJZJN4EY6TMHY6HY\" data-original=\"https:\/\/s3.amazonaws.com\/arc-wordpress-client-uploads\/infobae-wp\/wp-content\/uploads\/2019\/04\/26180817\/Festejo-dia-del-animal-4.jpg\"><\/div>\n<\/div>\n<p><img decoding=\"async\" id=\"EISZ6UCQ6NBJZJN4EY6TMHY6HY\" class=\"image-lazy\" src=\"https:\/\/www.infobae.com\/new-resizer\/hUWO9ij5J4GbWy4lv6vJVoONLsE=\/750x0\/filters:quality(100)\/s3.amazonaws.com\/arc-wordpress-client-uploads\/infobae-wp\/wp-content\/uploads\/2019\/04\/26180817\/Festejo-dia-del-animal-4.jpg\" alt=\"Ignacio Albarrac\u00edn, el primer defensor de los animales.\" width=\"750\" height=\"731.4935064935065\" data-url=\"https:\/\/www.infobae.com\/sociedad\/2019\/04\/29\/por-que-se-celebra-hoy-el-dia-del-animal\/%23EISZ6UCQ6NBJZJN4EY6TMHY6HY\" data-original=\"https:\/\/www.infobae.com\/new-resizer\/hUWO9ij5J4GbWy4lv6vJVoONLsE=\/750x0\/filters:quality(100)\/s3.amazonaws.com\/arc-wordpress-client-uploads\/infobae-wp\/wp-content\/uploads\/2019\/04\/26180817\/Festejo-dia-del-animal-4.jpg\" \/><\/div><figcaption class=\"\"><span class=\"credit\">Ignacio Albarrac\u00edn, el primer defensor de los animales.<\/span><\/figcaption><\/figure>\n<\/div>\n<div class=\"row pb-content-type-text\">\n<div class=\"col-xs-12 col-print-12\">\n<p class=\"element element-paragraph\">Albarrac\u00edn fue asistido por el padre de Sara, que era m\u00e9dico. &#8220;Lo atendi\u00f3, le aplic\u00f3 las inyecciones, pero no resisti\u00f3&#8221;.<\/p>\n<\/div>\n<\/div>\n<div class=\"row pb-content-type-text\">\n<div class=\"col-xs-12 col-print-12\">\n<p class=\"element element-paragraph\"><strong>\u2014De toda la gran labor y trabajo que realiz\u00f3 su abuelo, sobre todo en esa \u00e9poca \u00bfqu\u00e9 es lo m\u00e1s destaca?<\/strong><\/p>\n<\/div>\n<\/div>\n<div class=\"row pb-content-type-text\">\n<div class=\"col-xs-12 col-print-12\">\n<p class=\"element element-paragraph\">\u2014Que \u00e9l quer\u00eda\u00a0educaci\u00f3n. &#8220;Educar a las bases&#8221;, dec\u00eda y hablaba tanto de la educaci\u00f3n en las escuelas como para el pueblo en general, para los mismos funcionarios, para todos. Con educaci\u00f3n se consigue todo, pero desgraciadamente viendo ahora la crueldad que hay en todos lados con los ni\u00f1os, entre los alumnos veo que cuesta defender a los animales. \u00a1Pobrecitos! No s\u00e9 qu\u00e9 pasa con la gente actualmente, pero si hubiera educaci\u00f3n. Hay sentimientos, hay respeto<strong>. Lo que \u00e9l ped\u00eda eran charlas en los colegios para ense\u00f1ar a los ni\u00f1os, para educar a la sociedad. En su \u00e9poca, la SAPA, por ejemplo, premiaba a los alumnos que hubieran salvado alg\u00fan animal o que hubieran hecho el acto heroico como rescatar a un animal.<\/strong>\u00a0Pap\u00e1 me contaba que los chicos mostraban orgullosos sus diplomas de la SAPA\u00a0por su buena acci\u00f3n.\u00a0El problema es la falta de educaci\u00f3n. En Buenos Aires, por ejemplo, hay much\u00edsimos perros abandonados. No se puede permitir eso, hay que entender que los animales son seres vivos.<\/p>\n<\/div>\n<\/div>\n<div class=\"row pb-content-type-text\">\n<div class=\"col-xs-12 col-print-12\">\n<p class=\"element element-paragraph\"><strong>\u2014Como nieta, \u00bfqu\u00e9 le produce leer sobre su abuelo y saber que se lo sigue reconociendo?<\/strong><\/p>\n<\/div>\n<\/div>\n<div class=\"row pb-content-type-text\">\n<div class=\"col-xs-12 col-print-12\">\n<p class=\"element element-paragraph\">\u2014\u00a1Me siento muy orgullosa de \u00e9l!\u00a0<strong>Yo tambi\u00e9n soy defensora de los animales y hasta tuve discusiones, con un poco de temor, con algunos carreros que llevaban el carro muy cargado.\u00a0<\/strong>Yo vivo en el gran Buenos Aires y all\u00ed,\u00a0 desgraciadamente, usan a los caballos y est\u00e1n muy mal, \u00a1pobrecitos! Donde puedo les discuto, pero a veces pienso que por ah\u00ed me dan con un palo a mi\u2026 Desde ya que me siento muy orgullosa de mi abuelo.<\/p>\n<\/div>\n<\/div>\n<div class=\"row pb-content-type-text\">\n<div class=\"col-xs-12 col-print-12\">\n<p class=\"element element-paragraph\"><strong>\u2014\u00a1Hered\u00f3 su car\u00e1cter!<\/strong><\/p>\n<\/div>\n<\/div>\n<div class=\"row pb-content-type-text\">\n<div class=\"col-xs-12 col-print-12\">\n<p class=\"element element-paragraph\">\u2014\u00a1Si! Debe ser que hered\u00e9 la tes\u00f3n de mi abuelo (r\u00ede).<\/p>\n<\/div>\n<\/div>\n<div class=\"row pb-content-type-text\">\n<div class=\"col-xs-12 col-print-12\">\n<p class=\"element element-paragraph\"><strong>\u2014\u00bfQu\u00e9 m\u00e1s destaca de Ignacio Albarrac\u00edn?<\/strong><\/p>\n<\/div>\n<\/div>\n<div class=\"row pb-content-type-text\">\n<div class=\"col-xs-12 col-print-12\">\n<p class=\"element element-paragraph\">\u2014Que era muy desinteresado, austero. N<strong>o ten\u00eda medios de vida aunque \u00e9l hubiera podido haber sido un abogado exitoso porque estaba vinculado por familia con el presidente de la Rep\u00fablica \u00a1Y ni siquiera quiso ser pol\u00edtico!<\/strong>\u00a0\u00c9l no era ni radical, ni conservador ni nada. En esa \u00e9poca, en que era tremenda la trata de blancas, se opon\u00eda a eso, defend\u00eda a los indios y su amor y lucha eran los animales. Esos eran sus ideales y por ellos\u00a0era muy austero. Est\u00e1 descansando en el cementerio de Lomas de Zamora.<\/p>\n<\/div>\n<\/div>\n<div class=\"row pb-content-type-image\">\n<figure class=\"element element-image col-xs-12\">\n<div class=\"single-image\">\n<div class=\"shares\">\n<div class=\"share-button facebook\" data-url=\"https:\/\/www.infobae.com\/sociedad\/2019\/04\/29\/por-que-se-celebra-hoy-el-dia-del-animal\/%23MHUJCFY53JDDRECB76YL7T3PMQ\" data-original=\"https:\/\/s3.amazonaws.com\/arc-wordpress-client-uploads\/infobae-wp\/wp-content\/uploads\/2019\/04\/26180811\/Festejo-dia-del-animal-3.jpg\"><\/div>\n<\/div>\n<p><img decoding=\"async\" id=\"MHUJCFY53JDDRECB76YL7T3PMQ\" class=\"image-lazy\" src=\"https:\/\/www.infobae.com\/new-resizer\/BOlzJynYErZ8MjrAZhiDIBzUe7k=\/750x0\/filters:quality(100)\/s3.amazonaws.com\/arc-wordpress-client-uploads\/infobae-wp\/wp-content\/uploads\/2019\/04\/26180811\/Festejo-dia-del-animal-3.jpg\" alt=\"La \u00faltima foto de Ignacio Albarracin. En el patio de su casa de Lomas de Zamora junto a uno de sus amados perros. (Gentileza Sara Albarracin)\" width=\"750\" height=\"912.6623376623377\" data-url=\"https:\/\/www.infobae.com\/sociedad\/2019\/04\/29\/por-que-se-celebra-hoy-el-dia-del-animal\/%23MHUJCFY53JDDRECB76YL7T3PMQ\" data-original=\"https:\/\/www.infobae.com\/new-resizer\/BOlzJynYErZ8MjrAZhiDIBzUe7k=\/750x0\/filters:quality(100)\/s3.amazonaws.com\/arc-wordpress-client-uploads\/infobae-wp\/wp-content\/uploads\/2019\/04\/26180811\/Festejo-dia-del-animal-3.jpg\" \/><\/div><figcaption class=\"\"><span class=\"credit\">La \u00faltima foto de Ignacio Albarracin. En el patio de su casa de Lomas de Zamora junto a uno de sus amados perros. (Gentileza Sara Albarracin)<\/span><\/figcaption><\/figure>\n<\/div>\n<div class=\"row pb-content-type-text\">\n<div class=\"col-xs-12 col-print-12\">\n<p class=\"element element-paragraph\">\u2014<strong>\u00bfLe hacen homenajes en ese cementerio?<\/strong><\/p>\n<\/div>\n<\/div>\n<div class=\"row pb-content-type-text\">\n<div class=\"col-xs-12 col-print-12\">\n<p class=\"element element-paragraph\">\u2014\u00a1No, en absoluto! \u00c9l\u00a0quer\u00eda ser enterrado, pero la mujer, que se muri\u00f3 a los pocos meses, no quiso enterrarlo e hizo un monumento para dos cajones y poder estar juntos.\u00a0Hastahace poco tiempo yo he mantenido ese lugar e intent\u00e9 hacer una gesti\u00f3n ante la Municipalidad y el Concejo Deliberante de Lomas de Zamora\u00a0<strong>para que reconozca ese pante\u00f3n como Monumento Hist\u00f3rico as\u00ed dentro de unos a\u00f1os no lo pueden tirar abajo, pero no lo pude conseguir.<\/strong>\u00a0No se hizo nada y Lomas se tendr\u00eda que sentir orgullo de tenerlo ah\u00ed.<\/p>\n<\/div>\n<\/div>\n<div class=\"row pb-content-type-text\">\n<div class=\"col-xs-12 col-print-12\">\n<p class=\"element element-paragraph\"><strong>D\u00eda de lucha por la Liberaci\u00f3n Animal<\/strong><\/p>\n<\/div>\n<\/div>\n<div class=\"row pb-content-type-text\">\n<div class=\"col-xs-12 col-print-12\">\n<p class=\"element element-paragraph\">Este a\u00f1o, con un cambio de consigna, los grupos, asociaciones, proteccionistas, activistas independientes y las ONG que luchan por la defensa de los derechos animales convocan a concentrar en las distintas ciudades del pa\u00eds.\u00a0<strong>En Buenos Aires la\u00a0concentraci\u00f3n en la Plaza del Congreso a las 18<\/strong>.<\/p>\n<\/div>\n<\/div>\n<div class=\"row pb-content-type-raw_html\">\n<div class=\"element element-rawhtml col-xs-12\">\n<div id=\"powa-9acb3abc-cfbf-4136-b352-5db0400b96b8\" class=\"powa arc-player powa-processed\" data-aspect-ratio=\"0.562\" data-env=\"prod\" data-org=\"infobae\" data-uuid=\"9acb3abc-cfbf-4136-b352-5db0400b96b8\" data-powa-index=\"1\">\n<div id=\"powa-9acb3abc-cfbf-4136-b352-5db0400b96b8-powa-shot\" class=\"powa-shot\">\n<div class=\"powa-shot-image powa-shot-click powa-shot-click-play\">\n<div class=\"powa-shot-play-btn powa-shot-click powa-shot-click-play\"><i class=\"fa fa-play\"><\/i><span class=\"play-text\">\u00a0Play<\/span><\/div>\n<\/div>\n<\/div>\n<\/div>\n<\/div>\n<\/div>\n<div class=\"row pb-content-type-text\">\n<div class=\"col-xs-12 col-print-12\">\n<p class=\"element element-paragraph\"><em>Video: Convocatoria D\u00eda de Lucha por la Liberaci\u00f3n Animal. (Gentileza: Filmanimal)<\/em><\/p>\n<\/div>\n<\/div>\n<div class=\"row pb-content-type-text\">\n<div class=\"col-xs-12 col-print-12\">\n<p class=\"element element-paragraph\">&#8220;En Argentina se celebra el D\u00eda del Animal desde 1908 y con la concepci\u00f3n social m\u00e1s generalizada incluye solamente a aquellos animales con los cuales estamos m\u00e1s familiarizados, como ser perros y gatos.\u00a0<strong>Este a\u00f1o comenz\u00f3 a resignificarse ese d\u00eda y pas\u00f3 a llamarse\u00a0<em>D\u00eda de la Lucha por la Liberaci\u00f3n Animal<\/em>\u00a0para incluir tambi\u00e9n a los dem\u00e1s animales a quienes sometemos mediante explotaci\u00f3n<\/strong>, a causa de la educaci\u00f3n que hemos recibido&#8221;, se\u00f1alan desde la organizaci\u00f3n Unidos por la Liberaci\u00f3n Animal.<\/p>\n<\/div>\n<\/div>\n<div class=\"row pb-content-type-text\">\n<div class=\"col-xs-12 col-print-12\">\n<p class=\"element element-paragraph\">Sobre ese cambio de consigna, el colectivo asegur\u00f3: &#8220;Este d\u00eda comienza a conmemorarse la lucha que debemos llevar adelante para lograr un mundo justo para ellos, en el cual sean respetados. Y el primer paso, es cuestionar lo que nos ense\u00f1aron&#8221;.<\/p>\n<\/div>\n<\/div>\n<div class=\"row pb-content-type-text\">\n<div class=\"col-xs-12 col-print-12\">\n<p class=\"element element-paragraph\">La concentraci\u00f3n\u00a0<strong>ser\u00e1 para reclamar presupuestos m\u00ednimos para la protecci\u00f3n de la fauna urbana<\/strong>, no m\u00e1s tracci\u00f3n a sangre, prohibici\u00f3n de la experimentaci\u00f3n en animales y reemplazo por m\u00e9todos alternativos, entre otros puntos.<\/p>\n<\/div>\n<\/div>\n","protected":false},"excerpt":{"rendered":"<p>Ignacio Albarrac\u00edn, presidente de la Sociedad Argentina de Protecci\u00f3n de Animales (SAPA), caminaba por las calles de Buenos Aires cuando observ\u00f3 a un grupo de estudiantes de escuela primaria a la salida de sus clases. Era 1906 y los ni\u00f1os tiraban sus cuadernos para sacar de sus bolsillos traseros una honda con la que comenzaron [&hellip;]<\/p>\n","protected":false},"author":1,"featured_media":27435,"comment_status":"closed","ping_status":"closed","sticky":false,"template":"","format":"standard","meta":{"footnotes":""},"categories":[2,7],"tags":[],"class_list":["post-27434","post","type-post","status-publish","format-standard","has-post-thumbnail","hentry","category-culturales","category-nacionales"],"_links":{"self":[{"href":"http:\/\/informateesquina.com\/index.php?rest_route=\/wp\/v2\/posts\/27434","targetHints":{"allow":["GET"]}}],"collection":[{"href":"http:\/\/informateesquina.com\/index.php?rest_route=\/wp\/v2\/posts"}],"about":[{"href":"http:\/\/informateesquina.com\/index.php?rest_route=\/wp\/v2\/types\/post"}],"author":[{"embeddable":true,"href":"http:\/\/informateesquina.com\/index.php?rest_route=\/wp\/v2\/users\/1"}],"replies":[{"embeddable":true,"href":"http:\/\/informateesquina.com\/index.php?rest_route=%2Fwp%2Fv2%2Fcomments&post=27434"}],"version-history":[{"count":0,"href":"http:\/\/informateesquina.com\/index.php?rest_route=\/wp\/v2\/posts\/27434\/revisions"}],"wp:featuredmedia":[{"embeddable":true,"href":"http:\/\/informateesquina.com\/index.php?rest_route=\/wp\/v2\/media\/27435"}],"wp:attachment":[{"href":"http:\/\/informateesquina.com\/index.php?rest_route=%2Fwp%2Fv2%2Fmedia&parent=27434"}],"wp:term":[{"taxonomy":"category","embeddable":true,"href":"http:\/\/informateesquina.com\/index.php?rest_route=%2Fwp%2Fv2%2Fcategories&post=27434"},{"taxonomy":"post_tag","embeddable":true,"href":"http:\/\/informateesquina.com\/index.php?rest_route=%2Fwp%2Fv2%2Ftags&post=27434"}],"curies":[{"name":"wp","href":"https:\/\/api.w.org\/{rel}","templated":true}]}}