{"id":27437,"date":"2019-04-29T18:09:13","date_gmt":"2019-04-29T21:09:13","guid":{"rendered":"https:\/\/informateesquina.com\/?p=27437"},"modified":"2019-04-29T18:09:13","modified_gmt":"2019-04-29T21:09:13","slug":"quien-es-el-joven-argentino-elegido-por-harvard-como-uno-de-los-100-lideres-del-futuro","status":"publish","type":"post","link":"http:\/\/informateesquina.com\/?p=27437","title":{"rendered":"Qui\u00e9n es el joven argentino elegido por Harvard como uno de los 100 l\u00edderes del futuro"},"content":{"rendered":"<p><span class=\"subheadline\">Su nombre es Jer\u00f3nimo Batista Bucher, tiene 21 a\u00f1os, y cre\u00f3 un proyecto para detener uno de los principales desaf\u00edos que enfrenta el planeta: la contaminaci\u00f3n pl\u00e1stica.\u00a0<\/span><\/p>\n<div class=\"row pb-content-type-text\">\n<div class=\"col-xs-12 col-print-12\">\n<p class=\"element element-paragraph\"><strong>Jer\u00f3nimo Bastista Bucher<\/strong>\u00a0es argentino, tiene 21 a\u00f1os y ser\u00e1 destacado por\u00a0<strong>Harvard y el Massachusetts Institute of Technology (MIT)<\/strong>\u00a0como uno de los 100 l\u00edderes del futuro. Batista Bucher es un orgullo para su pa\u00eds.<\/p>\n<\/div>\n<\/div>\n<div class=\"row pb-content-type-text\">\n<div class=\"col-xs-12 col-print-12\">\n<p class=\"element element-paragraph\">El joven oriundo de Vicente L\u00f3pez fue destacado por su proyecto para terminar con la contaminaci\u00f3n pl\u00e1stica. A fines de 2017 ya hab\u00eda sido seleccionado para participar de la Cumbre Mundial de J\u00f3venes del G-20 en Alemania.\u00a0<strong>Cautiv\u00f3 a la propia Angela Merkel<\/strong>\u00a0con sus ideas. Por este motivo, fue elegido por\u00a0<strong>Infobae<\/strong>\u00a0como uno de\u00a0<a href=\"https:\/\/www.infobae.com\/sociedad\/2017\/12\/29\/los-100-argentinos-que-marcaron-el-2017-3\/\" target=\"_blank\" rel=\"noopener noreferrer\">los 100 argentinos que se destacaron en el 2017.\u00a0<\/a><\/p>\n<\/div>\n<\/div>\n<div class=\"row pb-content-type-text\">\n<div class=\"col-xs-12 col-print-12\">\n<p class=\"element element-paragraph\">Egresado de la ORT, estudia Biotecnolog\u00eda en la Universidad de San Mart\u00edn (Unsam).\u00a0El proyecto que lo desvela se llama\u00a0<strong>Sorui<\/strong>, una m\u00e1quina capaz de fabricar vasos descartables a partir de algas. Al tirarlo, el vaso desaparece en una semana y no contamina.<\/p>\n<\/div>\n<\/div>\n<div class=\"row pb-content-type-text\">\n<div class=\"col-xs-12 col-print-12\">\n<p class=\"element element-paragraph\">&#8220;El proyecto comenz\u00f3 ante la preocupaci\u00f3n de ver, por ejemplo en mi escuela, a los tachos de basura llenos de vasos que hab\u00edan sido utilizados s\u00f3lo una vez. Cuando te pon\u00e9s a pensar, te das cuenta de que se trata de toneladas de desperdicios pl\u00e1sticos que se generan, tan s\u00f3lo por el uso de los vasos descartables. Entonces, me puse a investigar una alternativa que no tuviera ese impacto tan negativo. As\u00ed es que desarroll\u00e9 este material que se produce b\u00e1sicamente con extracto de algas, y estudi\u00e9 el modo de automatizar la producci\u00f3n de vasos. Otro desaf\u00edo fue lograr que fueran aptos para usar en cualquier contexto, como oficinas, escuelas, lugares de comida&#8221;, hab\u00eda detallado en\u00a0<a href=\"https:\/\/www.infobae.com\/play-tv\/2017\/01\/17\/premian-el-invento-de-un-adolescente\/\" target=\"_blank\" rel=\"noopener noreferrer\">una entrevista con este medio<\/a>.<\/p>\n<\/div>\n<\/div>\n<div class=\"row pb-content-type-text\">\n<div id=\"\" class=\"wrapper clearfix pb-feature pb-layout-item pb-f-ads-dfp no-align\">\n<div id=\"inline\" class=\"ad-slot\">\n<div id=\"inline_ad\" data-google-query-id=\"CNO1t_GY9uECFSSVWwodP3gDtA\">\n<div id=\"google_ads_iframe_\/1058609\/infobae\/salud\/ciencia\/nota\/inline_0__container__\"><iframe id=\"google_ads_iframe_\/1058609\/infobae\/salud\/ciencia\/nota\/inline_0\" title=\"3rd party ad content\" name=\"google_ads_iframe_\/1058609\/infobae\/salud\/ciencia\/nota\/inline_0\" width=\"1\" height=\"1\" frameborder=\"0\" marginwidth=\"0\" marginheight=\"0\" scrolling=\"no\" data-google-container-id=\"6\" data-load-complete=\"true\" data-mce-fragment=\"1\"><\/iframe><\/div>\n<\/div>\n<\/div>\n<\/div>\n<div class=\"col-xs-12 col-print-12\">\n<p class=\"element element-paragraph\">Asegura que la m\u00e1quina no es costosa y el insumo utilizado representa para la instituci\u00f3n que lo utilice un gasto similar al de los vasos de pl\u00e1sticos. Su objetivo es llegar a cadenas de comidas r\u00e1pidas, recitales, oficinas y todo aquel \u00e1mbito donde se utilizan este tipo de recipientes nocivos para el medio ambiente.<\/p>\n<\/div>\n<\/div>\n<div class=\"row pb-content-type-image\">\n<figure class=\"element element-image col-xs-12\">\n<div class=\"single-image\">\n<div class=\"shares\">\n<div class=\"share-button facebook\" data-url=\"https:\/\/www.infobae.com\/salud\/ciencia\/2019\/04\/29\/quien-es-el-joven-argentino-elegido-por-harvard-como-uno-de-los-100-lideres-del-futuro\/%23L6LGKZGG5ZGJBCXIABGE5HDVXI\" data-original=\"https:\/\/s3.amazonaws.com\/arc-wordpress-client-uploads\/infobae-wp\/wp-content\/uploads\/2019\/04\/29075735\/jeronimo-batista-bucher-1920.jpg\"><\/div>\n<\/div>\n<p><img decoding=\"async\" id=\"L6LGKZGG5ZGJBCXIABGE5HDVXI\" class=\"image-lazy\" src=\"https:\/\/www.infobae.com\/new-resizer\/frp69gTcXxXyank4CjY826K26es=\/750x0\/filters:quality(100)\/s3.amazonaws.com\/arc-wordpress-client-uploads\/infobae-wp\/wp-content\/uploads\/2019\/04\/29075735\/jeronimo-batista-bucher-1920.jpg\" alt=\"Jer\u00f3nimo Bastista Bucher (@jerobatistasoy)\" width=\"750\" height=\"421.875\" data-url=\"https:\/\/www.infobae.com\/salud\/ciencia\/2019\/04\/29\/quien-es-el-joven-argentino-elegido-por-harvard-como-uno-de-los-100-lideres-del-futuro\/%23L6LGKZGG5ZGJBCXIABGE5HDVXI\" data-original=\"https:\/\/www.infobae.com\/new-resizer\/frp69gTcXxXyank4CjY826K26es=\/750x0\/filters:quality(100)\/s3.amazonaws.com\/arc-wordpress-client-uploads\/infobae-wp\/wp-content\/uploads\/2019\/04\/29075735\/jeronimo-batista-bucher-1920.jpg\" \/><\/div><figcaption class=\"\"><span class=\"credit\">Jer\u00f3nimo Bastista Bucher (@jerobatistasoy)<\/span><\/figcaption><\/figure>\n<\/div>\n<div class=\"row pb-content-type-text\">\n<div class=\"col-xs-12 col-print-12\">\n<p class=\"element element-paragraph\">El 15 de junio viajar\u00e1 a Boston para recibir la distinci\u00f3n y participar de debates en Cambridge, en la denominada &#8220;milla m\u00e1s innovadora del mundo&#8221; junto a ganadores del Premio Nobel. Por su creatividad, ya hab\u00eda sido invitado a otros pa\u00edses como Inglaterra, India e Israel.<\/p>\n<\/div>\n<\/div>\n<div class=\"row pb-content-type-text\">\n<div class=\"col-xs-12 col-print-12\">\n<p class=\"element element-paragraph\">Fundador de Henko, una compa\u00f1\u00eda que busca generar un impacto positivo a nivel social y ambiental a trav\u00e9s de iniciativas de base cient\u00edfica y tecnol\u00f3gica, tambi\u00e9n recibi\u00f3 distinciones de la C\u00e1mara de Diputados de La Naci\u00f3n, el Ministerio de Producci\u00f3n, el Ministerio de Ambiente y Desarrollo Sustentable de la Naci\u00f3n (actualmente secretar\u00eda), el Honorable Concejo Deliberante de Vicente L\u00f3pez, Kairos Society, la C\u00e1mara de Industria y Comercio Argentino-Alemana, JCI e INVAP entre otras instituciones.<\/p>\n<\/div>\n<\/div>\n<div class=\"row pb-content-type-raw_html\">\n<div class=\"element element-rawhtml col-xs-12\">\n<div class=\"SandboxRoot env-bp-350\" data-twitter-event-id=\"0\">\n<div id=\"twitter-widget-0\" class=\"EmbeddedTweet EmbeddedTweet--mediaForward media-forward js-clickToOpenTarget js-tweetIdInfo tweet-InformationCircle-widgetParent\" lang=\"en\" data-click-to-open-target=\"https:\/\/twitter.com\/AmbienteNacion\/status\/1110195078310649856\" data-iframe-title=\"Twitter Tweet\" data-scribe=\"page:tweet\" data-tweet-id=\"1110195078310649856\" data-twitter-event-id=\"1\">\n<article class=\"MediaCard\n           MediaCard--mediaForward\n\n           cards-multimedia\n           customisable-border\" dir=\"ltr\" data-scribe=\"component:card\"><\/p>\n<div class=\"MediaCard-media\">\n<div class=\"MediaCard-mediaContainer js-cspForcedStyle\" data-style=\"padding-bottom: 100.0000%\">\n<div class=\"row pb-content-type-text\">\n<div class=\"col-xs-12 col-print-12\">\n<p class=\"element element-paragraph\">&#8220;Si tengo que pensar en un referente ser\u00eda Elon Musk, por toda su labor a favor de la sostenibilidad y su capacidad para generar desarrollos disruptivos basados en la premisa de contribuir al cuidado del ambiente. \u00c9l logr\u00f3 hitos sin precedentes en cuanto a procesos de producci\u00f3n sustentable&#8221;, asegura.<\/p>\n<\/div>\n<\/div>\n<div class=\"row pb-content-type-text\">\n<div class=\"col-xs-12 col-print-12\">\n<p class=\"element element-paragraph\">A tres a\u00f1os de su creaci\u00f3n, Batista Bucher cursa el 4\u00b0 a\u00f1o de su carrera. Pese a haber sido tentado por prestigiosas instituciones acad\u00e9micas de todo el mundo, por ahora s\u00f3lo piensa en recibirse en su pa\u00eds, la Argentina, y continuar trabajando en desarrollos que le den un respiro al planeta.<\/p>\n<\/div>\n<\/div>\n<\/div>\n<\/div>\n<\/article>\n<\/div>\n<\/div>\n<\/div>\n<\/div>\n","protected":false},"excerpt":{"rendered":"<p>Su nombre es Jer\u00f3nimo Batista Bucher, tiene 21 a\u00f1os, y cre\u00f3 un proyecto para detener uno de los principales desaf\u00edos que enfrenta el planeta: la contaminaci\u00f3n pl\u00e1stica.\u00a0 Jer\u00f3nimo Bastista Bucher\u00a0es argentino, tiene 21 a\u00f1os y ser\u00e1 destacado por\u00a0Harvard y el Massachusetts Institute of Technology (MIT)\u00a0como uno de los 100 l\u00edderes del futuro. Batista Bucher es [&hellip;]<\/p>\n","protected":false},"author":1,"featured_media":27438,"comment_status":"closed","ping_status":"closed","sticky":false,"template":"","format":"standard","meta":{"footnotes":""},"categories":[7],"tags":[],"class_list":["post-27437","post","type-post","status-publish","format-standard","has-post-thumbnail","hentry","category-nacionales"],"_links":{"self":[{"href":"http:\/\/informateesquina.com\/index.php?rest_route=\/wp\/v2\/posts\/27437","targetHints":{"allow":["GET"]}}],"collection":[{"href":"http:\/\/informateesquina.com\/index.php?rest_route=\/wp\/v2\/posts"}],"about":[{"href":"http:\/\/informateesquina.com\/index.php?rest_route=\/wp\/v2\/types\/post"}],"author":[{"embeddable":true,"href":"http:\/\/informateesquina.com\/index.php?rest_route=\/wp\/v2\/users\/1"}],"replies":[{"embeddable":true,"href":"http:\/\/informateesquina.com\/index.php?rest_route=%2Fwp%2Fv2%2Fcomments&post=27437"}],"version-history":[{"count":0,"href":"http:\/\/informateesquina.com\/index.php?rest_route=\/wp\/v2\/posts\/27437\/revisions"}],"wp:featuredmedia":[{"embeddable":true,"href":"http:\/\/informateesquina.com\/index.php?rest_route=\/wp\/v2\/media\/27438"}],"wp:attachment":[{"href":"http:\/\/informateesquina.com\/index.php?rest_route=%2Fwp%2Fv2%2Fmedia&parent=27437"}],"wp:term":[{"taxonomy":"category","embeddable":true,"href":"http:\/\/informateesquina.com\/index.php?rest_route=%2Fwp%2Fv2%2Fcategories&post=27437"},{"taxonomy":"post_tag","embeddable":true,"href":"http:\/\/informateesquina.com\/index.php?rest_route=%2Fwp%2Fv2%2Ftags&post=27437"}],"curies":[{"name":"wp","href":"https:\/\/api.w.org\/{rel}","templated":true}]}}