{"id":27440,"date":"2019-04-30T09:30:11","date_gmt":"2019-04-30T12:30:11","guid":{"rendered":"https:\/\/informateesquina.com\/?p=27440"},"modified":"2019-04-30T09:30:11","modified_gmt":"2019-04-30T12:30:11","slug":"amalia-granata-la-gran-sorpresa-en-las-elecciones-de-santa-fe","status":"publish","type":"post","link":"http:\/\/informateesquina.com\/?p=27440","title":{"rendered":"Amalia Granata, la gran sorpresa en las elecciones de Santa Fe"},"content":{"rendered":"<p>Sac\u00f3 146 mil votos<br \/>\nSorpresa en Santa Fe: Amalia Granata fue la tercera m\u00e1s votada como diputada provincial<br \/>\nAs\u00ed, adem\u00e1s de entrar como legisladora, lograr\u00eda estar acompa\u00f1ada por un par de integrantes de \u201cUnite por la Familia y la Vida\u201d.<br \/>\nLa medi\u00e1tica Amalia Granata se convirti\u00f3 en una de las mayores sorpresas de la elecci\u00f3n santafesina. La rosarina, que centr\u00f3 su campa\u00f1a con un discurso Pro Vida en contra el aborto legal, seguro y gratuito, fue la tercera candidata m\u00e1s votada como diputada provincial.<br \/>\nEn una categor\u00eda en la que el actual gobernador, el socialista Miguel Lifschitz, fue el m\u00e1s votado con 543.786 votos, Granata logr\u00f3 ubicarse individualmente en el tercer lugar y colocar a su espacio en el cuarto puesto. S\u00f3lo fue superada por el socialista y por el representante de Cambiemos, Gabriel Chumpitaz (193 mil sufragios). Incluso le gan\u00f3, en la pelea mano a mano, a los diez candidatos que propuso el peronismo. La suma del PJ, sin embargo, tuvo un respaldo electoral mucho m\u00e1s amplio que Unite: 387 mil votos, si se suma a todas las corrientes de ese espacio.<br \/>\nLa panelista de televisi\u00f3n logr\u00f3 superar con holgura a dirigentes con amplio recorrido pol\u00edtico como el socialista Rub\u00e9n Giustiniani, o el periodista con amplia militancia y actual diputado provincial, Carlos Del Frade.<\/p>\n<p>\u201cLes quiero agradecer a todos los santafesinos por el apoyo. Hicimos una elecci\u00f3n incre\u00edble. Gracias a todos ustedes. Demostramos que los Pro Vida estamos, que los Pro Vida seguimos en carrera. Gracias, Santa Fe\u201d, fue el primer mensaje que envi\u00f3 desde su centro de c\u00f3mputos Granata. De esta manera eligi\u00f3 remarcar el rasgo central de su candidatura.<br \/>\nSu militancia en contra del aborto provoc\u00f3 ayer una curiosa situaci\u00f3n cuando se present\u00f3 a votar. Una de las autoridades de la mesa en la que deb\u00eda sufragar ten\u00eda atado un pa\u00f1uelo verde, s\u00edmbolo del aborto legal, seguro y gratuito. Desde el espacio Unite tomaron el episodio como una provocaci\u00f3n. A trav\u00e9s de las redes sociales Walter Ghione, segundo candidato a diputado por ese espacio, denunci\u00f3 un \u201cclaro acto de provocaci\u00f3n de la presidenta de mesa (n\u00famero 4.266) recibiendo a Amalia Granata con el pa\u00f1uelo verde. Nosotros pidi\u00e9ndole a nuestros militantes que no lleven el pa\u00f1uelo celeste para no provocar y vivir la verdadera fiesta de la democracia. As\u00ed estamos en Santa Fe\u201d.<\/p>\n<p>Esta ma\u00f1ana Mar\u00eda P\u00eda Kohlbrenner, quien llevaba el pa\u00f1uelo verde, asegur\u00f3 que \u201cno fue una provocaci\u00f3n ni algo planificado\u201d. En di\u00e1logo con Destape Radio se describi\u00f3 como \u201cuna m\u00e1s de la marea verde\u201d, dijo que \u201ces impresionante c\u00f3mo va creciendo la lucha\u201d y se esperanz\u00f3 con que este a\u00f1o \u201csalga la ley\u201d que permita ampliar la legalizaci\u00f3n del aborto. Por \u00faltimo se mostr\u00f3 extra\u00f1ada con la actitud de Granata en el lugar de votaci\u00f3n. \u201cMe sorprendi\u00f3 que los candidatos se sacan fotos sonrientes y se quedan a charlar y ella se fue corriendo\u201d. Tan apurada se march\u00f3 que olvid\u00f3 su documento de identidad, por lo que debieron correrla para entreg\u00e1rselo.<br \/>\nNo es la primera vez que la medi\u00e1tica prueba suerte en la pol\u00edtica. En 2017 intent\u00f3 dar el salto a la C\u00e1mara de diputados de la Naci\u00f3n. Cosech\u00f3 60 mil votos en Santa Fe y qued\u00f3 lejos de una banca. Aunque se lanz\u00f3 tentada por el Frente Renovador de Sergio Massa, finalmente compiti\u00f3 por fuera de ese espacio. Ahora logr\u00f3 anclar su candidatura con Unite, el mismo espacio que a nivel nacional sostiene una posible candidatura presidencial del diputado Alfredo Olmedo.<\/p>\n","protected":false},"excerpt":{"rendered":"<p>Sac\u00f3 146 mil votos Sorpresa en Santa Fe: Amalia Granata fue la tercera m\u00e1s votada como diputada provincial As\u00ed, adem\u00e1s de entrar como legisladora, lograr\u00eda estar acompa\u00f1ada por un par de integrantes de \u201cUnite por la Familia y la Vida\u201d. La medi\u00e1tica Amalia Granata se convirti\u00f3 en una de las mayores sorpresas de la elecci\u00f3n [&hellip;]<\/p>\n","protected":false},"author":1,"featured_media":27441,"comment_status":"closed","ping_status":"closed","sticky":false,"template":"","format":"standard","meta":{"footnotes":""},"categories":[9],"tags":[],"class_list":["post-27440","post","type-post","status-publish","format-standard","has-post-thumbnail","hentry","category-politica"],"_links":{"self":[{"href":"http:\/\/informateesquina.com\/index.php?rest_route=\/wp\/v2\/posts\/27440","targetHints":{"allow":["GET"]}}],"collection":[{"href":"http:\/\/informateesquina.com\/index.php?rest_route=\/wp\/v2\/posts"}],"about":[{"href":"http:\/\/informateesquina.com\/index.php?rest_route=\/wp\/v2\/types\/post"}],"author":[{"embeddable":true,"href":"http:\/\/informateesquina.com\/index.php?rest_route=\/wp\/v2\/users\/1"}],"replies":[{"embeddable":true,"href":"http:\/\/informateesquina.com\/index.php?rest_route=%2Fwp%2Fv2%2Fcomments&post=27440"}],"version-history":[{"count":0,"href":"http:\/\/informateesquina.com\/index.php?rest_route=\/wp\/v2\/posts\/27440\/revisions"}],"wp:featuredmedia":[{"embeddable":true,"href":"http:\/\/informateesquina.com\/index.php?rest_route=\/wp\/v2\/media\/27441"}],"wp:attachment":[{"href":"http:\/\/informateesquina.com\/index.php?rest_route=%2Fwp%2Fv2%2Fmedia&parent=27440"}],"wp:term":[{"taxonomy":"category","embeddable":true,"href":"http:\/\/informateesquina.com\/index.php?rest_route=%2Fwp%2Fv2%2Fcategories&post=27440"},{"taxonomy":"post_tag","embeddable":true,"href":"http:\/\/informateesquina.com\/index.php?rest_route=%2Fwp%2Fv2%2Ftags&post=27440"}],"curies":[{"name":"wp","href":"https:\/\/api.w.org\/{rel}","templated":true}]}}