{"id":27448,"date":"2019-04-30T10:10:16","date_gmt":"2019-04-30T13:10:16","guid":{"rendered":"https:\/\/informateesquina.com\/?p=27448"},"modified":"2019-04-30T10:10:16","modified_gmt":"2019-04-30T13:10:16","slug":"la-provincia-asistio-a-trabajadores-del-sector-ladrillero-en-esquina","status":"publish","type":"post","link":"http:\/\/informateesquina.com\/?p=27448","title":{"rendered":"La Provincia asisti\u00f3 a trabajadores del sector ladrillero en Esquina"},"content":{"rendered":"<div style=\"text-align: center;\"><strong><em>El Ministerio de Desarrollo Social de la Provincia finaliz\u00f3 este viernes \u00faltimo con una marat\u00f3nica recorrida que realiz\u00f3 en Esquina, Sauce, Pueblo Libertador y Goya, donde asisti\u00f3 a m\u00e1s de 150 obrajes. Con el apoyo t\u00e9cnico de la Direcci\u00f3n General de Econom\u00eda y Acci\u00f3n\u00a0 Social a cargo de Diego Medina, se impulsaron acciones de relevamiento a trav\u00e9s del programa de Apoyo Productivo al Sector Ladrillero, que permitieron constatar el funcionamiento y las necesidades del \u00e1rea.<\/em><\/strong><\/div>\n<div><\/div>\n<div>Desde la cartera social detallaron que en Sauce se entreg\u00f3 cobertores pl\u00e1sticos y m\u00f3dulos alimentarios junto a la intendente, Irma Obreg\u00f3n Torosi. Mientras que en Pueblo Libertador se distribuy\u00f3 pl\u00e1sticos, m\u00f3dulos alimentarios y semillas, junto al profesor Fernando Mi\u00f1o (bombero voluntario), y a las asociaciones de Ladrilleros Unidos de Libertador y Paso Camacho.<\/div>\n<div><\/div>\n<div>Por otra parte, en Esquina tambi\u00e9n se entregaron cajas de alimentos, pl\u00e1sticos y semillas; y en Goya, con la colaboraci\u00f3n del delegado del Ministerio de Desarrollo Social, se hizo entrega de insumos a un grupo de ladrilleros de la cooperativa de Barrios de Pie.<\/div>\n","protected":false},"excerpt":{"rendered":"<p>El Ministerio de Desarrollo Social de la Provincia finaliz\u00f3 este viernes \u00faltimo con una marat\u00f3nica recorrida que realiz\u00f3 en Esquina, Sauce, Pueblo Libertador y Goya, donde asisti\u00f3 a m\u00e1s de 150 obrajes. Con el apoyo t\u00e9cnico de la Direcci\u00f3n General de Econom\u00eda y Acci\u00f3n\u00a0 Social a cargo de Diego Medina, se impulsaron acciones de relevamiento [&hellip;]<\/p>\n","protected":false},"author":1,"featured_media":27449,"comment_status":"closed","ping_status":"closed","sticky":false,"template":"","format":"standard","meta":{"footnotes":""},"categories":[6],"tags":[],"class_list":["post-27448","post","type-post","status-publish","format-standard","has-post-thumbnail","hentry","category-locales"],"_links":{"self":[{"href":"http:\/\/informateesquina.com\/index.php?rest_route=\/wp\/v2\/posts\/27448","targetHints":{"allow":["GET"]}}],"collection":[{"href":"http:\/\/informateesquina.com\/index.php?rest_route=\/wp\/v2\/posts"}],"about":[{"href":"http:\/\/informateesquina.com\/index.php?rest_route=\/wp\/v2\/types\/post"}],"author":[{"embeddable":true,"href":"http:\/\/informateesquina.com\/index.php?rest_route=\/wp\/v2\/users\/1"}],"replies":[{"embeddable":true,"href":"http:\/\/informateesquina.com\/index.php?rest_route=%2Fwp%2Fv2%2Fcomments&post=27448"}],"version-history":[{"count":0,"href":"http:\/\/informateesquina.com\/index.php?rest_route=\/wp\/v2\/posts\/27448\/revisions"}],"wp:featuredmedia":[{"embeddable":true,"href":"http:\/\/informateesquina.com\/index.php?rest_route=\/wp\/v2\/media\/27449"}],"wp:attachment":[{"href":"http:\/\/informateesquina.com\/index.php?rest_route=%2Fwp%2Fv2%2Fmedia&parent=27448"}],"wp:term":[{"taxonomy":"category","embeddable":true,"href":"http:\/\/informateesquina.com\/index.php?rest_route=%2Fwp%2Fv2%2Fcategories&post=27448"},{"taxonomy":"post_tag","embeddable":true,"href":"http:\/\/informateesquina.com\/index.php?rest_route=%2Fwp%2Fv2%2Ftags&post=27448"}],"curies":[{"name":"wp","href":"https:\/\/api.w.org\/{rel}","templated":true}]}}