{"id":27454,"date":"2019-04-30T13:07:55","date_gmt":"2019-04-30T16:07:55","guid":{"rendered":"https:\/\/informateesquina.com\/?p=27454"},"modified":"2019-04-30T13:07:55","modified_gmt":"2019-04-30T16:07:55","slug":"transportaban-mas-de-350-kilos-de-carne-en-una-lancha","status":"publish","type":"post","link":"http:\/\/informateesquina.com\/?p=27454","title":{"rendered":"Transportaban m\u00e1s de 350 kilos de carne en una lancha"},"content":{"rendered":"<p style=\"text-align: left;\">El comisario Manuel Nosmor, de la Direcci\u00f3n de Seguridad Rural Ecol\u00f3gica habl\u00f3 con Informate Esquina sobre el posible nuevo caso de abigeato que se investiga.<\/p>\n<p>Este lunes alrededor de las 13, Prefectura realizaba un patrullaje pluvial y pudo divisar una lancha que transportaba carne por lo que detuvieron su marcha para verificar la procedencia de la misma.<\/p>\n<p>La lancha iba ocupada por tres personas mayores de edad, dos de apellido Bogado y uno de apellido Ram\u00edrez. En su poder ten\u00edan 351 kilos de carne vacuna y varios cueros.<\/p>\n<p>Los hombres presentaron gu\u00edas vacunas pero \u00e9stas no pertenec\u00edan a los animales que transportaban por lo que quedaron aprehendidos e incomunicados, mientras contin\u00faa la investigaci\u00f3n del caso .<\/p>\n<p>&nbsp;<\/p>\n","protected":false},"excerpt":{"rendered":"<p>El comisario Manuel Nosmor, de la Direcci\u00f3n de Seguridad Rural Ecol\u00f3gica habl\u00f3 con Informate Esquina sobre el posible nuevo caso de abigeato que se investiga. Este lunes alrededor de las 13, Prefectura realizaba un patrullaje pluvial y pudo divisar una lancha que transportaba carne por lo que detuvieron su marcha para verificar la procedencia de [&hellip;]<\/p>\n","protected":false},"author":1,"featured_media":27456,"comment_status":"closed","ping_status":"closed","sticky":false,"template":"","format":"standard","meta":{"footnotes":""},"categories":[6,8],"tags":[],"class_list":["post-27454","post","type-post","status-publish","format-standard","has-post-thumbnail","hentry","category-locales","category-policiales"],"_links":{"self":[{"href":"http:\/\/informateesquina.com\/index.php?rest_route=\/wp\/v2\/posts\/27454","targetHints":{"allow":["GET"]}}],"collection":[{"href":"http:\/\/informateesquina.com\/index.php?rest_route=\/wp\/v2\/posts"}],"about":[{"href":"http:\/\/informateesquina.com\/index.php?rest_route=\/wp\/v2\/types\/post"}],"author":[{"embeddable":true,"href":"http:\/\/informateesquina.com\/index.php?rest_route=\/wp\/v2\/users\/1"}],"replies":[{"embeddable":true,"href":"http:\/\/informateesquina.com\/index.php?rest_route=%2Fwp%2Fv2%2Fcomments&post=27454"}],"version-history":[{"count":0,"href":"http:\/\/informateesquina.com\/index.php?rest_route=\/wp\/v2\/posts\/27454\/revisions"}],"wp:featuredmedia":[{"embeddable":true,"href":"http:\/\/informateesquina.com\/index.php?rest_route=\/wp\/v2\/media\/27456"}],"wp:attachment":[{"href":"http:\/\/informateesquina.com\/index.php?rest_route=%2Fwp%2Fv2%2Fmedia&parent=27454"}],"wp:term":[{"taxonomy":"category","embeddable":true,"href":"http:\/\/informateesquina.com\/index.php?rest_route=%2Fwp%2Fv2%2Fcategories&post=27454"},{"taxonomy":"post_tag","embeddable":true,"href":"http:\/\/informateesquina.com\/index.php?rest_route=%2Fwp%2Fv2%2Ftags&post=27454"}],"curies":[{"name":"wp","href":"https:\/\/api.w.org\/{rel}","templated":true}]}}