{"id":27466,"date":"2019-04-30T13:41:09","date_gmt":"2019-04-30T16:41:09","guid":{"rendered":"https:\/\/informateesquina.com\/?p=27466"},"modified":"2019-04-30T13:41:09","modified_gmt":"2019-04-30T16:41:09","slug":"desarrollo-social-realizo-el-lanzamiento-del-programa-nacional-de-formacion-cuidadores-domiciliarios","status":"publish","type":"post","link":"http:\/\/informateesquina.com\/?p=27466","title":{"rendered":"Desarrollo Social realiz\u00f3 el Lanzamiento del Programa Nacional de Formaci\u00f3n &#8220;Cuidadores Domiciliarios&#8221;"},"content":{"rendered":"<p class=\"x_MsoNormal\" style=\"text-align: center;\"><strong><em>El Ministerio de Desarrollo Social de la Provincia, a trav\u00e9s del \u00e1rea de Adultos Mayores, coordinado por Nelly Pitos, realiz\u00f3 este lunes el lanzamiento del Programa Nacional de Formaci\u00f3n de &#8220;Cuidadores Domiciliarios&#8221; en la ciudad de Esquina, el cual tendr\u00e1 una duraci\u00f3n de 6 meses y se espera que genere una amplia salida laboral.<\/em><\/strong><\/p>\n<p>&nbsp;<\/p>\n<p class=\"x_MsoNormal\">El mencionado Programa es implementado en Corrientes por la cartera social. En el acto se cont\u00f3 con la presencia de Nelly Pintos; la jefa de la Agencia del Programa de Atenci\u00f3n M\u00e9dica Integral (PAMI) de Esquina, Delicia Bottari; y el equipo de profesionales que estar\u00e1 a cargo de la capacitaci\u00f3n de Cuidadores Domiciliarios. Cabe destacar que el curso tendr\u00e1 una duraci\u00f3n de 6 meses y los que finalicen ser\u00e1n inscriptos en el Registro \u00danico de Cuidadores Domiciliarios a nivel nacional, con el aval para cuidar a personas mayores, con discapacidad o personas en estado terminal.<\/p>\n<p class=\"x_MsoNormal\">Pintos cont\u00f3 que capacitaci\u00f3n ser\u00e1 en el Centro de Jubilados Nacional de Esquina y ya cuenta con 40 personas previamente inscriptas. Resalt\u00f3 que \u201cal finalizar tendr\u00e1n una formaci\u00f3n con una amplia salida laboral ya que estar\u00e1n inscriptas en el\u00a0 Registro Nacional de Cuidadores Domiciliarios\u201d.<\/p>\n","protected":false},"excerpt":{"rendered":"<p>El Ministerio de Desarrollo Social de la Provincia, a trav\u00e9s del \u00e1rea de Adultos Mayores, coordinado por Nelly Pitos, realiz\u00f3 este lunes el lanzamiento del Programa Nacional de Formaci\u00f3n de &#8220;Cuidadores Domiciliarios&#8221; en la ciudad de Esquina, el cual tendr\u00e1 una duraci\u00f3n de 6 meses y se espera que genere una amplia salida laboral. &nbsp; [&hellip;]<\/p>\n","protected":false},"author":1,"featured_media":27464,"comment_status":"closed","ping_status":"closed","sticky":false,"template":"","format":"standard","meta":{"footnotes":""},"categories":[6],"tags":[],"class_list":["post-27466","post","type-post","status-publish","format-standard","has-post-thumbnail","hentry","category-locales"],"_links":{"self":[{"href":"http:\/\/informateesquina.com\/index.php?rest_route=\/wp\/v2\/posts\/27466","targetHints":{"allow":["GET"]}}],"collection":[{"href":"http:\/\/informateesquina.com\/index.php?rest_route=\/wp\/v2\/posts"}],"about":[{"href":"http:\/\/informateesquina.com\/index.php?rest_route=\/wp\/v2\/types\/post"}],"author":[{"embeddable":true,"href":"http:\/\/informateesquina.com\/index.php?rest_route=\/wp\/v2\/users\/1"}],"replies":[{"embeddable":true,"href":"http:\/\/informateesquina.com\/index.php?rest_route=%2Fwp%2Fv2%2Fcomments&post=27466"}],"version-history":[{"count":0,"href":"http:\/\/informateesquina.com\/index.php?rest_route=\/wp\/v2\/posts\/27466\/revisions"}],"wp:featuredmedia":[{"embeddable":true,"href":"http:\/\/informateesquina.com\/index.php?rest_route=\/wp\/v2\/media\/27464"}],"wp:attachment":[{"href":"http:\/\/informateesquina.com\/index.php?rest_route=%2Fwp%2Fv2%2Fmedia&parent=27466"}],"wp:term":[{"taxonomy":"category","embeddable":true,"href":"http:\/\/informateesquina.com\/index.php?rest_route=%2Fwp%2Fv2%2Fcategories&post=27466"},{"taxonomy":"post_tag","embeddable":true,"href":"http:\/\/informateesquina.com\/index.php?rest_route=%2Fwp%2Fv2%2Ftags&post=27466"}],"curies":[{"name":"wp","href":"https:\/\/api.w.org\/{rel}","templated":true}]}}