{"id":27468,"date":"2019-04-30T17:34:20","date_gmt":"2019-04-30T20:34:20","guid":{"rendered":"https:\/\/informateesquina.com\/?p=27468"},"modified":"2019-04-30T17:34:20","modified_gmt":"2019-04-30T20:34:20","slug":"mercedes-renuncio-la-intendenta-elvira-sanchez","status":"publish","type":"post","link":"http:\/\/informateesquina.com\/?p=27468","title":{"rendered":"Mercedes: renunci\u00f3 la intendenta Elvira S\u00e1nchez"},"content":{"rendered":"<h4>Fuentes del Gobierno Municipal, confirmaron la noticia a Minuto Mercedes. Diego \u201cTape\u201d Caram asumir\u00e1 en el Palacio de Sarmiento 650.<\/h4>\n<p>Elvira Sanchez present\u00f3 su renuncia y lo que hasta el momento era un secreto de pasillos se concret\u00f3 hace unos instantes. La redacci\u00f3n de Minuto Mercedes pudo confirmar que Diego \u201cTape\u201d Caram ser\u00e1 el intendente desde las pr\u00f3ximas horas.<\/p>\n<p>&nbsp;<\/p>\n<p>FUENTE: MINUTO MERCEDES<\/p>\n","protected":false},"excerpt":{"rendered":"<p>Fuentes del Gobierno Municipal, confirmaron la noticia a Minuto Mercedes. Diego \u201cTape\u201d Caram asumir\u00e1 en el Palacio de Sarmiento 650. Elvira Sanchez present\u00f3 su renuncia y lo que hasta el momento era un secreto de pasillos se concret\u00f3 hace unos instantes. La redacci\u00f3n de Minuto Mercedes pudo confirmar que Diego \u201cTape\u201d Caram ser\u00e1 el intendente [&hellip;]<\/p>\n","protected":false},"author":1,"featured_media":27469,"comment_status":"closed","ping_status":"closed","sticky":false,"template":"","format":"standard","meta":{"footnotes":""},"categories":[9],"tags":[],"class_list":["post-27468","post","type-post","status-publish","format-standard","has-post-thumbnail","hentry","category-politica"],"_links":{"self":[{"href":"http:\/\/informateesquina.com\/index.php?rest_route=\/wp\/v2\/posts\/27468","targetHints":{"allow":["GET"]}}],"collection":[{"href":"http:\/\/informateesquina.com\/index.php?rest_route=\/wp\/v2\/posts"}],"about":[{"href":"http:\/\/informateesquina.com\/index.php?rest_route=\/wp\/v2\/types\/post"}],"author":[{"embeddable":true,"href":"http:\/\/informateesquina.com\/index.php?rest_route=\/wp\/v2\/users\/1"}],"replies":[{"embeddable":true,"href":"http:\/\/informateesquina.com\/index.php?rest_route=%2Fwp%2Fv2%2Fcomments&post=27468"}],"version-history":[{"count":0,"href":"http:\/\/informateesquina.com\/index.php?rest_route=\/wp\/v2\/posts\/27468\/revisions"}],"wp:featuredmedia":[{"embeddable":true,"href":"http:\/\/informateesquina.com\/index.php?rest_route=\/wp\/v2\/media\/27469"}],"wp:attachment":[{"href":"http:\/\/informateesquina.com\/index.php?rest_route=%2Fwp%2Fv2%2Fmedia&parent=27468"}],"wp:term":[{"taxonomy":"category","embeddable":true,"href":"http:\/\/informateesquina.com\/index.php?rest_route=%2Fwp%2Fv2%2Fcategories&post=27468"},{"taxonomy":"post_tag","embeddable":true,"href":"http:\/\/informateesquina.com\/index.php?rest_route=%2Fwp%2Fv2%2Ftags&post=27468"}],"curies":[{"name":"wp","href":"https:\/\/api.w.org\/{rel}","templated":true}]}}